{"id":13817,"date":"2024-08-21T15:04:00","date_gmt":"2024-08-21T15:04:00","guid":{"rendered":"http:\/\/blog.thestorefront.test\/16-idees-originales-pour-un-ilot-central-dans-votre-boutique\/"},"modified":"2026-02-10T19:28:15","modified_gmt":"2026-02-10T19:28:15","slug":"16-idees-originales-pour-un-ilot-central-dans-votre-boutique","status":"publish","type":"post","link":"https:\/\/www.thestorefront.com\/fr\/mag\/16-idees-originales-pour-un-ilot-central-dans-votre-boutique\/","title":{"rendered":"16 id\u00e9es originales pour un ilot central dans votre boutique"},"content":{"rendered":"<div id=\"ez-toc-container\" class=\"ez-toc-v2_0_73 counter-hierarchy ez-toc-counter ez-toc-grey ez-toc-container-direction\">\n<div class=\"ez-toc-title-container\">\n<p class=\"ez-toc-title\" style=\"cursor:inherit\">Table of Contents<\/p>\n<span class=\"ez-toc-title-toggle\"><a href=\"#\" class=\"ez-toc-pull-right ez-toc-btn ez-toc-btn-xs ez-toc-btn-default ez-toc-toggle\" aria-label=\"Toggle Table of Content\"><span class=\"ez-toc-js-icon-con\"><span class=\"\"><span class=\"eztoc-hide\" style=\"display:none;\">Toggle<\/span><span class=\"ez-toc-icon-toggle-span\"><svg style=\"fill: #000000;color:#000000\" xmlns=\"http:\/\/www.w3.org\/2000\/svg\" class=\"list-377408\" width=\"20px\" height=\"20px\" viewBox=\"0 0 24 24\" fill=\"none\"><path d=\"M6 6H4v2h2V6zm14 0H8v2h12V6zM4 11h2v2H4v-2zm16 0H8v2h12v-2zM4 16h2v2H4v-2zm16 0H8v2h12v-2z\" fill=\"currentColor\"><\/path><\/svg><svg style=\"fill: #000000;color:#000000\" class=\"arrow-unsorted-368013\" xmlns=\"http:\/\/www.w3.org\/2000\/svg\" width=\"10px\" height=\"10px\" viewBox=\"0 0 24 24\" version=\"1.2\" baseProfile=\"tiny\"><path d=\"M18.2 9.3l-6.2-6.3-6.2 6.3c-.2.2-.3.4-.3.7s.1.5.3.7c.2.2.4.3.7.3h11c.3 0 .5-.1.7-.3.2-.2.3-.5.3-.7s-.1-.5-.3-.7zM5.8 14.7l6.2 6.3 6.2-6.3c.2-.2.3-.5.3-.7s-.1-.5-.3-.7c-.2-.2-.4-.3-.7-.3h-11c-.3 0-.5.1-.7.3-.2.2-.3.5-.3.7s.1.5.3.7z\"\/><\/svg><\/span><\/span><\/span><\/a><\/span><\/div>\n<nav><ul class='ez-toc-list ez-toc-list-level-1 ' ><li class='ez-toc-page-1 ez-toc-heading-level-2'><a class=\"ez-toc-link ez-toc-heading-1\" href=\"https:\/\/www.thestorefront.com\/fr\/mag\/16-idees-originales-pour-un-ilot-central-dans-votre-boutique\/#1-_Inciter_a_entrer_accueillir\" title=\"1- Inciter \u00e0 entrer, accueillir\">1- Inciter \u00e0 entrer, accueillir<\/a><\/li><li class='ez-toc-page-1 ez-toc-heading-level-2'><a class=\"ez-toc-link ez-toc-heading-2\" href=\"https:\/\/www.thestorefront.com\/fr\/mag\/16-idees-originales-pour-un-ilot-central-dans-votre-boutique\/#2-_A_geometrie_variable_multipliable_et_coloree\" title=\"2- \u00c0 g\u00e9om\u00e9trie variable, multipliable et color\u00e9e\">2- \u00c0 g\u00e9om\u00e9trie variable, multipliable et color\u00e9e<\/a><\/li><li class='ez-toc-page-1 ez-toc-heading-level-2'><a class=\"ez-toc-link ez-toc-heading-3\" href=\"https:\/\/www.thestorefront.com\/fr\/mag\/16-idees-originales-pour-un-ilot-central-dans-votre-boutique\/#3-_Une_table_vintage_comme_a_la_maison\" title=\"3- Une table vintage comme \u00e0 la maison\">3- Une table vintage comme \u00e0 la maison<\/a><ul class='ez-toc-list-level-3' ><li class='ez-toc-heading-level-3'><a class=\"ez-toc-link ez-toc-heading-4\" href=\"https:\/\/www.thestorefront.com\/fr\/mag\/16-idees-originales-pour-un-ilot-central-dans-votre-boutique\/#4-_Ou_esprit_%C2%AB_piece_a_vivre_%C2%BB\" title=\"4- Ou esprit \u00ab\u00a0pi\u00e8ce \u00e0 vivre\u00a0\u00bb\">4- Ou esprit \u00ab\u00a0pi\u00e8ce \u00e0 vivre\u00a0\u00bb<\/a><ul class='ez-toc-list-level-4' ><li class='ez-toc-heading-level-4'><a class=\"ez-toc-link ez-toc-heading-5\" href=\"https:\/\/www.thestorefront.com\/fr\/mag\/16-idees-originales-pour-un-ilot-central-dans-votre-boutique\/#Quel_style_dilot_central_vous_convient\" title=\"Quel style d\u2019ilot central vous convient\u00a0?\">Quel style d\u2019ilot central vous convient\u00a0?<\/a><\/li><\/ul><\/li><li class='ez-toc-page-1 ez-toc-heading-level-3'><a class=\"ez-toc-link ez-toc-heading-6\" href=\"https:\/\/www.thestorefront.com\/fr\/mag\/16-idees-originales-pour-un-ilot-central-dans-votre-boutique\/#5-_Un_meuble_de_metier_detourne\" title=\"5- Un meuble de m\u00e9tier d\u00e9tourn\u00e9\u00a0?\">5- Un meuble de m\u00e9tier d\u00e9tourn\u00e9\u00a0?<\/a><\/li><li class='ez-toc-page-1 ez-toc-heading-level-3'><a class=\"ez-toc-link ez-toc-heading-7\" href=\"https:\/\/www.thestorefront.com\/fr\/mag\/16-idees-originales-pour-un-ilot-central-dans-votre-boutique\/#6_%E2%80%93_ou_du_mobilier_de_cantine_datelier\" title=\"6 &#8211; ou du mobilier de cantine, d\u2019atelier\u00a0?\">6 &#8211; ou du mobilier de cantine, d\u2019atelier\u00a0?<\/a><\/li><li class='ez-toc-page-1 ez-toc-heading-level-3'><a class=\"ez-toc-link ez-toc-heading-8\" href=\"https:\/\/www.thestorefront.com\/fr\/mag\/16-idees-originales-pour-un-ilot-central-dans-votre-boutique\/#7_%E2%80%93_Un_bureau_une_table_ancienne_relookee\" title=\"7 &#8211; Un bureau, une table ancienne relook\u00e9e\u00a0?\">7 &#8211; Un bureau, une table ancienne relook\u00e9e\u00a0?<\/a><ul class='ez-toc-list-level-4' ><li class='ez-toc-heading-level-4'><a class=\"ez-toc-link ez-toc-heading-9\" href=\"https:\/\/www.thestorefront.com\/fr\/mag\/16-idees-originales-pour-un-ilot-central-dans-votre-boutique\/#Lupcycling_a_la_portee_de_tous\" title=\"L\u2019upcycling \u00e0 la port\u00e9e de tous\">L\u2019upcycling \u00e0 la port\u00e9e de tous<\/a><\/li><\/ul><\/li><li class='ez-toc-page-1 ez-toc-heading-level-3'><a class=\"ez-toc-link ez-toc-heading-10\" href=\"https:\/\/www.thestorefront.com\/fr\/mag\/16-idees-originales-pour-un-ilot-central-dans-votre-boutique\/#8_%E2%80%93_Lilot_en_parpaing\" title=\"8 &#8211; L\u2019ilot en parpaing\">8 &#8211; L\u2019ilot en parpaing<\/a><\/li><li class='ez-toc-page-1 ez-toc-heading-level-3'><a class=\"ez-toc-link ez-toc-heading-11\" href=\"https:\/\/www.thestorefront.com\/fr\/mag\/16-idees-originales-pour-un-ilot-central-dans-votre-boutique\/#9_%E2%80%93_La_palette_en_bois\" title=\"9 &#8211; La palette en bois\">9 &#8211; La palette en bois<\/a><\/li><li class='ez-toc-page-1 ez-toc-heading-level-3'><a class=\"ez-toc-link ez-toc-heading-12\" href=\"https:\/\/www.thestorefront.com\/fr\/mag\/16-idees-originales-pour-un-ilot-central-dans-votre-boutique\/#10_%E2%80%93_La_caisse_de_transport\" title=\"10 &#8211; La caisse de transport\">10 &#8211; La caisse de transport<\/a><\/li><li class='ez-toc-page-1 ez-toc-heading-level-3'><a class=\"ez-toc-link ez-toc-heading-13\" href=\"https:\/\/www.thestorefront.com\/fr\/mag\/16-idees-originales-pour-un-ilot-central-dans-votre-boutique\/#11_%E2%80%93_le_baby-foot_billard_et_cie\" title=\"11 &#8211; le baby-foot, billard et cie\">11 &#8211; le baby-foot, billard et cie<\/a><ul class='ez-toc-list-level-4' ><li class='ez-toc-heading-level-4'><a class=\"ez-toc-link ez-toc-heading-14\" href=\"https:\/\/www.thestorefront.com\/fr\/mag\/16-idees-originales-pour-un-ilot-central-dans-votre-boutique\/#Des_ilot_pour_sasseoir\" title=\"Des ilot pour s\u2019asseoir\u00a0\">Des ilot pour s\u2019asseoir\u00a0<\/a><\/li><\/ul><\/li><li class='ez-toc-page-1 ez-toc-heading-level-3'><a class=\"ez-toc-link ez-toc-heading-15\" href=\"https:\/\/www.thestorefront.com\/fr\/mag\/16-idees-originales-pour-un-ilot-central-dans-votre-boutique\/#12_%E2%80%93_Le_salon_esprit_showroom\" title=\"12 &#8211; Le salon esprit showroom\">12 &#8211; Le salon esprit showroom<\/a><\/li><li class='ez-toc-page-1 ez-toc-heading-level-3'><a class=\"ez-toc-link ez-toc-heading-16\" href=\"https:\/\/www.thestorefront.com\/fr\/mag\/16-idees-originales-pour-un-ilot-central-dans-votre-boutique\/#13_%E2%80%93_La_simple_banquette_ou_assise_dappoint\" title=\"13 &#8211; La simple banquette ou assise d\u2019appoint\">13 &#8211; La simple banquette ou assise d\u2019appoint<\/a><\/li><li class='ez-toc-page-1 ez-toc-heading-level-3'><a class=\"ez-toc-link ez-toc-heading-17\" href=\"https:\/\/www.thestorefront.com\/fr\/mag\/16-idees-originales-pour-un-ilot-central-dans-votre-boutique\/#14-_De_vrais_ilots_de_cuisine\" title=\"14- De vrais ilots de cuisine\u00a0\">14- De vrais ilots de cuisine\u00a0<\/a><\/li><li class='ez-toc-page-1 ez-toc-heading-level-3'><a class=\"ez-toc-link ez-toc-heading-18\" href=\"https:\/\/www.thestorefront.com\/fr\/mag\/16-idees-originales-pour-un-ilot-central-dans-votre-boutique\/#15-_Des_colonnes_et_cubes_de_galerie_revisites\" title=\"15- Des colonnes et cubes de galerie revisit\u00e9s\">15- Des colonnes et cubes de galerie revisit\u00e9s<\/a><\/li><li class='ez-toc-page-1 ez-toc-heading-level-3'><a class=\"ez-toc-link ez-toc-heading-19\" href=\"https:\/\/www.thestorefront.com\/fr\/mag\/16-idees-originales-pour-un-ilot-central-dans-votre-boutique\/#16-_Du_sur-mesure_avec_bancs_en_option\" title=\"16- Du sur-mesure, avec bancs en option\">16- Du sur-mesure, avec bancs en option<\/a><\/li><\/ul><\/li><li class='ez-toc-page-1 ez-toc-heading-level-2'><a class=\"ez-toc-link ez-toc-heading-20\" href=\"https:\/\/www.thestorefront.com\/fr\/mag\/16-idees-originales-pour-un-ilot-central-dans-votre-boutique\/#FAQ_%E2%80%93_Ilot_central_et_design_de_pop-up_store\" title=\"FAQ \u2013 \u00celot central et design de pop-up store\">FAQ \u2013 \u00celot central et design de pop-up store<\/a><\/li><\/ul><\/nav><\/div>\n<div id=\"bsf_rt_marker\"><\/div><p>Lorsqu\u2019on investit un pop-up store, on se h\u00e2te d\u2019habiller ses murs d\u2019\u00e9tag\u00e8res de rangements, de portants de v\u00eatements, de cr\u00e9ations graphiques, mais c\u2019est vite oublier que votre espace a un c\u0153ur, qui m\u00e9rite autant d\u2019attention. <strong>L\u2019ilot central<\/strong>, souvent bien visible de l\u2019ext\u00e9rieur, incite \u00e0 p\u00e9n\u00e9trer dans votre boutique, telle une seconde vitrine. Il permet d\u2019organiser la circulation de vos clients ou de les y r\u00e9unir autour. Et bien entendu, il offre quelque(s) plateau(x) suppl\u00e9mentaire(s) de pr\u00e9sentation de vos produits\u00a0! Quel mobilier choisir selon votre style\u00a0? Inspirez-vous de ces <strong>16 id\u00e9es design ou originales<\/strong>\u00a0:<img decoding=\"async\" class=\"aligncenter wp-image-8820 \" src=\"https:\/\/www.thestorefront.com\/mag\/wp-content\/uploads\/2018\/08\/Capture-d\u2019\u00e9cran-2018-08-21-\u00e0-16.09.57.png\" alt=\"ilot central dans votre boutique\" width=\"506\" height=\"336\" srcset=\"https:\/\/www.thestorefront.com\/mag\/wp-content\/uploads\/2018\/08\/Capture-d\u2019\u00e9cran-2018-08-21-\u00e0-16.09.57.png 826w, https:\/\/www.thestorefront.com\/mag\/wp-content\/uploads\/2018\/08\/Capture-d\u2019\u00e9cran-2018-08-21-\u00e0-16.09.57-300x199.png 300w, https:\/\/www.thestorefront.com\/mag\/wp-content\/uploads\/2018\/08\/Capture-d\u2019\u00e9cran-2018-08-21-\u00e0-16.09.57-768x510.png 768w, https:\/\/www.thestorefront.com\/mag\/wp-content\/uploads\/2018\/08\/Capture-d\u2019\u00e9cran-2018-08-21-\u00e0-16.09.57-810x537.png 810w, https:\/\/www.thestorefront.com\/mag\/wp-content\/uploads\/2018\/08\/Capture-d\u2019\u00e9cran-2018-08-21-\u00e0-16.09.57-272x182.png 272w\" sizes=\"(max-width: 506px) 100vw, 506px\" \/><\/p>\n<h2><span class=\"ez-toc-section\" id=\"1-_Inciter_a_entrer_accueillir\"><\/span><b>1- Inciter \u00e0 entrer, accueillir<\/b><span class=\"ez-toc-section-end\"><\/span><\/h2>\n<p>Derri\u00e8re la baie vitr\u00e9e, la structure de bois sculpt\u00e9 sur piliers th\u00e9\u00e2tralise le d\u00e9cor de cet espace situ\u00e9 pr\u00e8s du Square du Temple \u00e0 Paris. Comme si nous p\u00e9n\u00e9trions dans un lieu d\u2019initi\u00e9s, secret, de style palais oriental ou religieux. Puis l\u2019espace s\u2019organise autour d\u2019une table de bois massif qui fait office de lieu de communion et de communication, d\u2019\u00e9change et de d\u00e9couverte, de partage. Voici une repr\u00e9sentation tr\u00e8s symbolique du fameux ilot central\u00a0: c\u2019est le c\u0153ur de votre boutique ou de votre galerie, l\u00e0 o\u00f9 vous allez toucher vos visiteurs\u00a0!<\/p>\n<p><img decoding=\"async\" class=\"aligncenter wp-image-8821 \" src=\"https:\/\/www.thestorefront.com\/mag\/wp-content\/uploads\/2018\/08\/Capture-d\u2019\u00e9cran-2018-08-21-\u00e0-16.11.41.png\" alt=\"ilot central dans boutique\" width=\"573\" height=\"381\" srcset=\"https:\/\/www.thestorefront.com\/mag\/wp-content\/uploads\/2018\/08\/Capture-d\u2019\u00e9cran-2018-08-21-\u00e0-16.11.41.png 826w, https:\/\/www.thestorefront.com\/mag\/wp-content\/uploads\/2018\/08\/Capture-d\u2019\u00e9cran-2018-08-21-\u00e0-16.11.41-300x199.png 300w, https:\/\/www.thestorefront.com\/mag\/wp-content\/uploads\/2018\/08\/Capture-d\u2019\u00e9cran-2018-08-21-\u00e0-16.11.41-768x510.png 768w, https:\/\/www.thestorefront.com\/mag\/wp-content\/uploads\/2018\/08\/Capture-d\u2019\u00e9cran-2018-08-21-\u00e0-16.11.41-810x538.png 810w, https:\/\/www.thestorefront.com\/mag\/wp-content\/uploads\/2018\/08\/Capture-d\u2019\u00e9cran-2018-08-21-\u00e0-16.11.41-272x182.png 272w\" sizes=\"(max-width: 573px) 100vw, 573px\" \/><\/p>\n<h2><span class=\"ez-toc-section\" id=\"2-_A_geometrie_variable_multipliable_et_coloree\"><\/span><b>2- \u00c0 g\u00e9om\u00e9trie variable, multipliable et color\u00e9e<\/b><span class=\"ez-toc-section-end\"><\/span><\/h2>\n<p>Permis de multiplier les ilots centraux et de les colorer pour les rendre encore plus ludiques et accueillants\u00a0! Ici, il s\u2019agit d\u2019\u00e9tag\u00e8res de style dessertes en m\u00e9tal d\u2019un joli bleu roi, tr\u00e8s inspirant pour les modeux. Si vous laissez la partie basse de ce style d\u2019ilot ajour\u00e9e, sans la garnir de produits, notez que l\u2019\u0153il continue de circuler dans la pi\u00e8ce. Ainsi, votre ou vos \u00eelots centraux n\u2019encombrent pas visuellement l\u2019espace, mais l\u2019\u00e9gayent tout en vous offrant des plateaux de pr\u00e9sentation suppl\u00e9mentaires.<\/p>\n<p><img decoding=\"async\" class=\"aligncenter wp-image-8822 \" src=\"https:\/\/www.thestorefront.com\/mag\/wp-content\/uploads\/2018\/08\/Capture-d\u2019\u00e9cran-2018-08-21-\u00e0-16.12.39.png\" alt=\"ilot central pop up shop\" width=\"496\" height=\"331\" srcset=\"https:\/\/www.thestorefront.com\/mag\/wp-content\/uploads\/2018\/08\/Capture-d\u2019\u00e9cran-2018-08-21-\u00e0-16.12.39.png 824w, https:\/\/www.thestorefront.com\/mag\/wp-content\/uploads\/2018\/08\/Capture-d\u2019\u00e9cran-2018-08-21-\u00e0-16.12.39-300x200.png 300w, https:\/\/www.thestorefront.com\/mag\/wp-content\/uploads\/2018\/08\/Capture-d\u2019\u00e9cran-2018-08-21-\u00e0-16.12.39-768x513.png 768w, https:\/\/www.thestorefront.com\/mag\/wp-content\/uploads\/2018\/08\/Capture-d\u2019\u00e9cran-2018-08-21-\u00e0-16.12.39-810x541.png 810w, https:\/\/www.thestorefront.com\/mag\/wp-content\/uploads\/2018\/08\/Capture-d\u2019\u00e9cran-2018-08-21-\u00e0-16.12.39-272x182.png 272w\" sizes=\"(max-width: 496px) 100vw, 496px\" \/><\/p>\n<h2><span class=\"ez-toc-section\" id=\"3-_Une_table_vintage_comme_a_la_maison\"><\/span><b>3- Une table vintage comme \u00e0 la maison<\/b><span class=\"ez-toc-section-end\"><\/span><\/h2>\n<p>Toujours dans l\u2019id\u00e9e de donner l\u2019envie \u00e0 vos visiteurs de pousser la porte de votre boutique \u00e9ph\u00e9m\u00e8re et de cr\u00e9er une ambiance conviviale au centre de votre espace de vente, une table vintage, de type cuisine peut faire l\u2019affaire\u00a0! Elle charmera les adeptes d\u2019objets d\u00e9co r\u00e9\u00e9dit\u00e9s ou fait-maison, mais aussi ceux qui aiment red\u00e9couvrir les saveurs de produits culinaires concoct\u00e9s par vos soins. Elle se pr\u00eate aussi \u00e0 la pr\u00e9sentation d\u2019objets d\u2019art de la table, pour une mise en sc\u00e8ne <i>home-made<\/i>.<\/p>\n<p><img decoding=\"async\" class=\"aligncenter wp-image-8823 \" src=\"https:\/\/www.thestorefront.com\/mag\/wp-content\/uploads\/2018\/08\/Capture-d\u2019\u00e9cran-2018-08-21-\u00e0-16.14.49.png\" alt=\"ilot central pop up shop design\" width=\"574\" height=\"382\" srcset=\"https:\/\/www.thestorefront.com\/mag\/wp-content\/uploads\/2018\/08\/Capture-d\u2019\u00e9cran-2018-08-21-\u00e0-16.14.49.png 827w, https:\/\/www.thestorefront.com\/mag\/wp-content\/uploads\/2018\/08\/Capture-d\u2019\u00e9cran-2018-08-21-\u00e0-16.14.49-300x200.png 300w, https:\/\/www.thestorefront.com\/mag\/wp-content\/uploads\/2018\/08\/Capture-d\u2019\u00e9cran-2018-08-21-\u00e0-16.14.49-768x511.png 768w, https:\/\/www.thestorefront.com\/mag\/wp-content\/uploads\/2018\/08\/Capture-d\u2019\u00e9cran-2018-08-21-\u00e0-16.14.49-810x539.png 810w, https:\/\/www.thestorefront.com\/mag\/wp-content\/uploads\/2018\/08\/Capture-d\u2019\u00e9cran-2018-08-21-\u00e0-16.14.49-272x182.png 272w\" sizes=\"(max-width: 574px) 100vw, 574px\" \/><\/p>\n<h3><span class=\"ez-toc-section\" id=\"4-_Ou_esprit_%C2%AB_piece_a_vivre_%C2%BB\"><\/span><b>4- Ou esprit \u00ab\u00a0pi\u00e8ce \u00e0 vivre\u00a0\u00bb<\/b><span class=\"ez-toc-section-end\"><\/span><\/h3>\n<p>Dans ce showroom du Marais, c\u2019est plut\u00f4t l\u2019ambiance d\u2019un salon ou d\u2019un bureau priv\u00e9 qui a \u00e9t\u00e9 install\u00e9e au centre de la boutique.\u00a0 Avec un tapis en plus, vous proposez un espace central <i>cosy<\/i>, plus intime, pour discuter avec votre client\u00e8le de ses besoins, de ses attentes, de vos coups de c\u0153ur. Jouez sur l\u2019asym\u00e9trie en disposant votre table de style scandinave par exemple, en biais sur votre tapis shaggy. Un effet dynamisant qui laisse libre la circulation autour.<\/p>\n<h4 style=\"text-align: left;\"><span class=\"ez-toc-section\" id=\"Quel_style_dilot_central_vous_convient\"><\/span><b>Quel style d\u2019ilot central vous convient\u00a0?<\/b><span class=\"ez-toc-section-end\"><\/span><\/h4>\n<p><img decoding=\"async\" class=\"aligncenter wp-image-8824 \" src=\"https:\/\/www.thestorefront.com\/mag\/wp-content\/uploads\/2018\/08\/Capture-d\u2019\u00e9cran-2018-08-21-\u00e0-16.15.26.png\" alt=\"ilot central pop up store 2\" width=\"545\" height=\"365\" srcset=\"https:\/\/www.thestorefront.com\/mag\/wp-content\/uploads\/2018\/08\/Capture-d\u2019\u00e9cran-2018-08-21-\u00e0-16.15.26.png 822w, https:\/\/www.thestorefront.com\/mag\/wp-content\/uploads\/2018\/08\/Capture-d\u2019\u00e9cran-2018-08-21-\u00e0-16.15.26-300x201.png 300w, https:\/\/www.thestorefront.com\/mag\/wp-content\/uploads\/2018\/08\/Capture-d\u2019\u00e9cran-2018-08-21-\u00e0-16.15.26-768x515.png 768w, https:\/\/www.thestorefront.com\/mag\/wp-content\/uploads\/2018\/08\/Capture-d\u2019\u00e9cran-2018-08-21-\u00e0-16.15.26-810x543.png 810w, https:\/\/www.thestorefront.com\/mag\/wp-content\/uploads\/2018\/08\/Capture-d\u2019\u00e9cran-2018-08-21-\u00e0-16.15.26-272x182.png 272w\" sizes=\"(max-width: 545px) 100vw, 545px\" \/><\/p>\n<h3><span class=\"ez-toc-section\" id=\"5-_Un_meuble_de_metier_detourne\"><\/span><b><i>5- Un meuble de m\u00e9tier d\u00e9tourn\u00e9\u00a0?<\/i><\/b><span class=\"ez-toc-section-end\"><\/span><\/h3>\n<p>Les boutiques qui ciblent une client\u00e8le masculine (v\u00eatements, accessoires, etc.) aiment utiliser des meubles de m\u00e9tier anciens ou industriels, pour valoriser leur style brut, solide, ind\u00e9modable. De plus, ces meubles sont g\u00e9n\u00e9ralement longs et peu larges, ce qui permet d\u2019exploiter un espace tout en longueur, en laissant la circulation s\u2019organiser entre portants et ce pr\u00e9sentoir horizontal. Un \u00e9tabli d\u2019\u00e9b\u00e9niste, un meuble d\u2019atelier de confection, un ancien comptoir ou un meuble de drapier sera \u00e0 chiner d\u2019urgence\u00a0!<\/p>\n<p><img decoding=\"async\" class=\"aligncenter wp-image-8825 \" src=\"https:\/\/www.thestorefront.com\/mag\/wp-content\/uploads\/2018\/08\/Capture-d\u2019\u00e9cran-2018-08-21-\u00e0-16.16.06.png\" alt=\"boutique ilot\" width=\"520\" height=\"346\" srcset=\"https:\/\/www.thestorefront.com\/mag\/wp-content\/uploads\/2018\/08\/Capture-d\u2019\u00e9cran-2018-08-21-\u00e0-16.16.06.png 828w, https:\/\/www.thestorefront.com\/mag\/wp-content\/uploads\/2018\/08\/Capture-d\u2019\u00e9cran-2018-08-21-\u00e0-16.16.06-300x200.png 300w, https:\/\/www.thestorefront.com\/mag\/wp-content\/uploads\/2018\/08\/Capture-d\u2019\u00e9cran-2018-08-21-\u00e0-16.16.06-768x511.png 768w, https:\/\/www.thestorefront.com\/mag\/wp-content\/uploads\/2018\/08\/Capture-d\u2019\u00e9cran-2018-08-21-\u00e0-16.16.06-810x539.png 810w, https:\/\/www.thestorefront.com\/mag\/wp-content\/uploads\/2018\/08\/Capture-d\u2019\u00e9cran-2018-08-21-\u00e0-16.16.06-272x182.png 272w\" sizes=\"(max-width: 520px) 100vw, 520px\" \/><\/p>\n<h3><span class=\"ez-toc-section\" id=\"6_%E2%80%93_ou_du_mobilier_de_cantine_datelier\"><\/span><b><i>6 &#8211; ou du mobilier de cantine, d\u2019atelier\u00a0?<\/i><\/b><span class=\"ez-toc-section-end\"><\/span><\/h3>\n<p>De la simple planche d\u2019arbre de scierie non usin\u00e9e mont\u00e9e sur pi\u00e8tement m\u00e9tal aux dessertes et tables de cantine ou de cuisine, en passant par les tables d\u2019usine, le choix est aussi interminable que peut l\u2019\u00eatre votre ilot central. Id\u00e9al pour un espace tout en profondeur o\u00f9 il s\u2019agit d\u2019obliger vos clients \u00e0 en faire le tour\u00a0! Un choix aussi astucieux pour r\u00e9unir plusieurs convives autour d\u2019un m\u00eame projet ou d\u2019une d\u00e9gustation.<\/p>\n<p><img decoding=\"async\" class=\"aligncenter wp-image-8826 \" src=\"https:\/\/www.thestorefront.com\/mag\/wp-content\/uploads\/2018\/08\/Capture-d\u2019\u00e9cran-2018-08-21-\u00e0-16.17.10.png\" alt=\"ilot central dans paris boutique\" width=\"567\" height=\"377\" srcset=\"https:\/\/www.thestorefront.com\/mag\/wp-content\/uploads\/2018\/08\/Capture-d\u2019\u00e9cran-2018-08-21-\u00e0-16.17.10.png 827w, https:\/\/www.thestorefront.com\/mag\/wp-content\/uploads\/2018\/08\/Capture-d\u2019\u00e9cran-2018-08-21-\u00e0-16.17.10-300x200.png 300w, https:\/\/www.thestorefront.com\/mag\/wp-content\/uploads\/2018\/08\/Capture-d\u2019\u00e9cran-2018-08-21-\u00e0-16.17.10-768x511.png 768w, https:\/\/www.thestorefront.com\/mag\/wp-content\/uploads\/2018\/08\/Capture-d\u2019\u00e9cran-2018-08-21-\u00e0-16.17.10-810x539.png 810w, https:\/\/www.thestorefront.com\/mag\/wp-content\/uploads\/2018\/08\/Capture-d\u2019\u00e9cran-2018-08-21-\u00e0-16.17.10-272x182.png 272w\" sizes=\"(max-width: 567px) 100vw, 567px\" \/><\/p>\n<h3><span class=\"ez-toc-section\" id=\"7_%E2%80%93_Un_bureau_une_table_ancienne_relookee\"><\/span><b><i>7 &#8211; Un bureau, une table ancienne relook\u00e9e\u00a0?<\/i><\/b><span class=\"ez-toc-section-end\"><\/span><\/h3>\n<p>Les fans du DIY ne manquent pas d\u2019id\u00e9es pour composer leur propre ilot central\u00a0: bureau XIXe si\u00e8cle repeint en jaune, petites tables d\u00e9pareill\u00e9es et de diff\u00e9rentes hauteur r\u00e9unies dans un esprit tables gigogne\u2026 Vous voil\u00e0 s\u00fbr de personnaliser votre boutique et que l\u2019on porte doublement int\u00e9r\u00eat \u00e0 votre ilot central\u00a0!<\/p>\n<h4 style=\"text-align: left;\"><span class=\"ez-toc-section\" id=\"Lupcycling_a_la_portee_de_tous\"><\/span><b>L\u2019<i>upcycling<\/i> \u00e0 la port\u00e9e de tous<\/b><span class=\"ez-toc-section-end\"><\/span><\/h4>\n<p><img decoding=\"async\" class=\"aligncenter wp-image-8827 \" src=\"https:\/\/www.thestorefront.com\/mag\/wp-content\/uploads\/2018\/08\/Capture-d\u2019\u00e9cran-2018-08-21-\u00e0-16.19.09.png\" alt=\"ilot central 4\" width=\"504\" height=\"335\" srcset=\"https:\/\/www.thestorefront.com\/mag\/wp-content\/uploads\/2018\/08\/Capture-d\u2019\u00e9cran-2018-08-21-\u00e0-16.19.09.png 825w, https:\/\/www.thestorefront.com\/mag\/wp-content\/uploads\/2018\/08\/Capture-d\u2019\u00e9cran-2018-08-21-\u00e0-16.19.09-300x199.png 300w, https:\/\/www.thestorefront.com\/mag\/wp-content\/uploads\/2018\/08\/Capture-d\u2019\u00e9cran-2018-08-21-\u00e0-16.19.09-768x510.png 768w, https:\/\/www.thestorefront.com\/mag\/wp-content\/uploads\/2018\/08\/Capture-d\u2019\u00e9cran-2018-08-21-\u00e0-16.19.09-810x538.png 810w, https:\/\/www.thestorefront.com\/mag\/wp-content\/uploads\/2018\/08\/Capture-d\u2019\u00e9cran-2018-08-21-\u00e0-16.19.09-272x182.png 272w\" sizes=\"(max-width: 504px) 100vw, 504px\" \/><\/p>\n<h3><span class=\"ez-toc-section\" id=\"8_%E2%80%93_Lilot_en_parpaing\"><\/span><b><i>8 &#8211; L\u2019ilot en parpaing<\/i><\/b><span class=\"ez-toc-section-end\"><\/span><\/h3>\n<p>L\u2019<i>upcycling<\/i> ou d\u00e9tournement d\u2019objet est tr\u00e8s en vogue. Il s\u00e9duit par son c\u00f4t\u00e9 inventif et surprenant, \u00e0 moindre co\u00fbt. Inspirez-vous de ces incroyables ilots centraux r\u00e9alis\u00e9s en briques de parpaing dans ce pop-up store new-yorkais. A construire vous-m\u00eame\u00a0!<\/p>\n<p><img decoding=\"async\" class=\"aligncenter wp-image-8828 \" src=\"https:\/\/www.thestorefront.com\/mag\/wp-content\/uploads\/2018\/08\/Capture-d\u2019\u00e9cran-2018-08-21-\u00e0-16.19.58.png\" alt=\"pop up ilot\" width=\"575\" height=\"384\" srcset=\"https:\/\/www.thestorefront.com\/mag\/wp-content\/uploads\/2018\/08\/Capture-d\u2019\u00e9cran-2018-08-21-\u00e0-16.19.58.png 820w, https:\/\/www.thestorefront.com\/mag\/wp-content\/uploads\/2018\/08\/Capture-d\u2019\u00e9cran-2018-08-21-\u00e0-16.19.58-300x200.png 300w, https:\/\/www.thestorefront.com\/mag\/wp-content\/uploads\/2018\/08\/Capture-d\u2019\u00e9cran-2018-08-21-\u00e0-16.19.58-768x513.png 768w, https:\/\/www.thestorefront.com\/mag\/wp-content\/uploads\/2018\/08\/Capture-d\u2019\u00e9cran-2018-08-21-\u00e0-16.19.58-810x541.png 810w, https:\/\/www.thestorefront.com\/mag\/wp-content\/uploads\/2018\/08\/Capture-d\u2019\u00e9cran-2018-08-21-\u00e0-16.19.58-272x182.png 272w\" sizes=\"(max-width: 575px) 100vw, 575px\" \/><\/p>\n<h3><span class=\"ez-toc-section\" id=\"9_%E2%80%93_La_palette_en_bois\"><\/span><b><i>9 &#8211; La palette en bois<\/i><\/b><span class=\"ez-toc-section-end\"><\/span><\/h3>\n<p>Sinon, l\u2019id\u00e9e du moment, accessible \u00e0 tous et qui fonctionne toujours est la superposition de palettes de transport et\/ou leur montage sur roulettes.<\/p>\n<p><img decoding=\"async\" class=\"aligncenter wp-image-8829 \" src=\"https:\/\/www.thestorefront.com\/mag\/wp-content\/uploads\/2018\/08\/Capture-d\u2019\u00e9cran-2018-08-21-\u00e0-16.20.38.png\" alt=\"ilot central dans votre boutique\" width=\"559\" height=\"372\" srcset=\"https:\/\/www.thestorefront.com\/mag\/wp-content\/uploads\/2018\/08\/Capture-d\u2019\u00e9cran-2018-08-21-\u00e0-16.20.38.png 825w, https:\/\/www.thestorefront.com\/mag\/wp-content\/uploads\/2018\/08\/Capture-d\u2019\u00e9cran-2018-08-21-\u00e0-16.20.38-300x200.png 300w, https:\/\/www.thestorefront.com\/mag\/wp-content\/uploads\/2018\/08\/Capture-d\u2019\u00e9cran-2018-08-21-\u00e0-16.20.38-768x511.png 768w, https:\/\/www.thestorefront.com\/mag\/wp-content\/uploads\/2018\/08\/Capture-d\u2019\u00e9cran-2018-08-21-\u00e0-16.20.38-810x539.png 810w, https:\/\/www.thestorefront.com\/mag\/wp-content\/uploads\/2018\/08\/Capture-d\u2019\u00e9cran-2018-08-21-\u00e0-16.20.38-272x182.png 272w\" sizes=\"(max-width: 559px) 100vw, 559px\" \/><\/p>\n<h3><span class=\"ez-toc-section\" id=\"10_%E2%80%93_La_caisse_de_transport\"><\/span><b><i>10 &#8211; La caisse de transport<\/i><\/b><span class=\"ez-toc-section-end\"><\/span><\/h3>\n<p>Vraiment pratique comme id\u00e9e\u00a0: vous arrivez avec vos caisses de transport en bois, garnies de vos produits\u00a0; vous les videz dans votre boutique \u00e9ph\u00e9m\u00e8re, mais vous les r\u00e9-utilisez comme ilot central en les juxtaposant\u00a0!<\/p>\n<p><img decoding=\"async\" class=\"aligncenter wp-image-8830 size-full\" src=\"https:\/\/www.thestorefront.com\/mag\/wp-content\/uploads\/2018\/08\/Capture-d\u2019\u00e9cran-2018-08-21-\u00e0-16.22.09.png\" alt=\"games ilot pop up store\" width=\"825\" height=\"546\" srcset=\"https:\/\/www.thestorefront.com\/mag\/wp-content\/uploads\/2018\/08\/Capture-d\u2019\u00e9cran-2018-08-21-\u00e0-16.22.09.png 825w, https:\/\/www.thestorefront.com\/mag\/wp-content\/uploads\/2018\/08\/Capture-d\u2019\u00e9cran-2018-08-21-\u00e0-16.22.09-300x199.png 300w, https:\/\/www.thestorefront.com\/mag\/wp-content\/uploads\/2018\/08\/Capture-d\u2019\u00e9cran-2018-08-21-\u00e0-16.22.09-768x508.png 768w, https:\/\/www.thestorefront.com\/mag\/wp-content\/uploads\/2018\/08\/Capture-d\u2019\u00e9cran-2018-08-21-\u00e0-16.22.09-810x536.png 810w\" sizes=\"(max-width: 825px) 100vw, 825px\" \/><\/p>\n<h3><span class=\"ez-toc-section\" id=\"11_%E2%80%93_le_baby-foot_billard_et_cie\"><\/span><b><i>11 &#8211; le baby-foot, billard et cie<\/i><\/b><span class=\"ez-toc-section-end\"><\/span><\/h3>\n<p>Tr\u00e8s ludique et convivial, l\u2019ilot central prend parfois la forme d\u2019un baby-foot, d\u2019un billard ou d\u2019un flipper. \u00c0 r\u00e9server cependant pour un grand espace plut\u00f4t d\u00e9di\u00e9 \u00e0 de l\u2019\u00e9v\u00e9nementiel et pour offrir un point central \u00e0 la circulation. Car dans une petite boutique, il prend de la place et n\u2019offre pas un plateau de pr\u00e9sentation de vos produits, les boules ou les \u00e9quipiers occupant d\u00e9j\u00e0 le terrain\u00a0!<\/p>\n<h4><span class=\"ez-toc-section\" id=\"Des_ilot_pour_sasseoir\"><\/span><b>Des ilot pour s\u2019asseoir\u00a0<\/b><span class=\"ez-toc-section-end\"><\/span><\/h4>\n<p>Au c\u0153ur de votre pop-up store, vous avez envie d\u2019y installer du mobilier, mais aussi d\u2019y voir s\u2019y installer votre client\u00e8le ?\u00a0<\/p>\n<p><img decoding=\"async\" class=\"aligncenter wp-image-8831 \" src=\"https:\/\/www.thestorefront.com\/mag\/wp-content\/uploads\/2018\/08\/Capture-d\u2019\u00e9cran-2018-08-21-\u00e0-16.23.16.png\" alt=\"new york ilot pop up store\" width=\"585\" height=\"365\" srcset=\"https:\/\/www.thestorefront.com\/mag\/wp-content\/uploads\/2018\/08\/Capture-d\u2019\u00e9cran-2018-08-21-\u00e0-16.23.16.png 878w, https:\/\/www.thestorefront.com\/mag\/wp-content\/uploads\/2018\/08\/Capture-d\u2019\u00e9cran-2018-08-21-\u00e0-16.23.16-300x187.png 300w, https:\/\/www.thestorefront.com\/mag\/wp-content\/uploads\/2018\/08\/Capture-d\u2019\u00e9cran-2018-08-21-\u00e0-16.23.16-768x479.png 768w, https:\/\/www.thestorefront.com\/mag\/wp-content\/uploads\/2018\/08\/Capture-d\u2019\u00e9cran-2018-08-21-\u00e0-16.23.16-810x506.png 810w\" sizes=\"(max-width: 585px) 100vw, 585px\" \/><\/p>\n<h3><span class=\"ez-toc-section\" id=\"12_%E2%80%93_Le_salon_esprit_showroom\"><\/span><b><i>12 &#8211; Le salon esprit showroom<\/i><\/b><span class=\"ez-toc-section-end\"><\/span><\/h3>\n<p>Si votre espace vous le permet, n\u2019h\u00e9sitez plus\u00a0: d\u00e9pliez un beau tapis, disposez un canap\u00e9, des fauteuils, une table basse pour un espace salon digne d\u2019un showroom de designer\u00a0! Vous pouvez aussi vous payer le luxe d\u2019une table avec tr\u00e9teaux, mais version inox, <i>bling-bling<\/i> et <i>arty.<\/i><\/p>\n<p><img decoding=\"async\" class=\"aligncenter wp-image-8819 \" src=\"https:\/\/www.thestorefront.com\/mag\/wp-content\/uploads\/2018\/08\/Capture-d\u2019\u00e9cran-2018-08-21-\u00e0-15.55.10-1.png\" alt=\"showroom ilot pop up\" width=\"504\" height=\"336\" srcset=\"https:\/\/www.thestorefront.com\/mag\/wp-content\/uploads\/2018\/08\/Capture-d\u2019\u00e9cran-2018-08-21-\u00e0-15.55.10-1.png 736w, https:\/\/www.thestorefront.com\/mag\/wp-content\/uploads\/2018\/08\/Capture-d\u2019\u00e9cran-2018-08-21-\u00e0-15.55.10-1-300x200.png 300w, https:\/\/www.thestorefront.com\/mag\/wp-content\/uploads\/2018\/08\/Capture-d\u2019\u00e9cran-2018-08-21-\u00e0-15.55.10-1-272x182.png 272w\" sizes=\"(max-width: 504px) 100vw, 504px\" \/><\/p>\n<h3><span class=\"ez-toc-section\" id=\"13_%E2%80%93_La_simple_banquette_ou_assise_dappoint\"><\/span><b><i>13 &#8211; La simple banquette ou assise d\u2019appoint<\/i><\/b><span class=\"ez-toc-section-end\"><\/span><\/h3>\n<p>M\u00eame un petit espace se pr\u00eate \u00e0 ce jeu d\u2019ilot central et de relaxation\u00a0! Optez pour un enveloppant fauteuil \u00e0 accotoirs, une m\u00e9ridienne ancienne ou un bout de banquette de forme carr\u00e9e, ronde ou triangulaire comme ici. Pratique pour y pr\u00e9senter quelques mod\u00e8les de chaussures suppl\u00e9mentaires et s\u2019y asseoir pour les essayer.<\/p>\n<p><img decoding=\"async\" class=\"aligncenter wp-image-8832 \" src=\"https:\/\/www.thestorefront.com\/mag\/wp-content\/uploads\/2018\/08\/Capture-d\u2019\u00e9cran-2018-08-21-\u00e0-16.25.30.png\" alt=\"le marais ilot pop up design\" width=\"573\" height=\"379\" srcset=\"https:\/\/www.thestorefront.com\/mag\/wp-content\/uploads\/2018\/08\/Capture-d\u2019\u00e9cran-2018-08-21-\u00e0-16.25.30.png 827w, https:\/\/www.thestorefront.com\/mag\/wp-content\/uploads\/2018\/08\/Capture-d\u2019\u00e9cran-2018-08-21-\u00e0-16.25.30-300x198.png 300w, https:\/\/www.thestorefront.com\/mag\/wp-content\/uploads\/2018\/08\/Capture-d\u2019\u00e9cran-2018-08-21-\u00e0-16.25.30-768x508.png 768w, https:\/\/www.thestorefront.com\/mag\/wp-content\/uploads\/2018\/08\/Capture-d\u2019\u00e9cran-2018-08-21-\u00e0-16.25.30-810x536.png 810w\" sizes=\"(max-width: 573px) 100vw, 573px\" \/><\/p>\n<h3><span class=\"ez-toc-section\" id=\"14-_De_vrais_ilots_de_cuisine\"><\/span><b>14- De vrais ilots de cuisine\u00a0<\/b><span class=\"ez-toc-section-end\"><\/span><\/h3>\n<p>Et pourquoi pas de vrais ilots de cuisine\u00a0? Ajour\u00e9s ou comportant des cases de rangement\u00a0? Dans ce pop-up store, ils remplissent bien tous les r\u00f4les\u00a0: le design,\u00a0 l\u2019occupation de l\u2019espace central, la convivialit\u00e9, la circulation, un point de travail ou de pr\u00e9sentation en plus\u2026<\/p>\n<p><img decoding=\"async\" class=\"aligncenter wp-image-8833 \" src=\"https:\/\/www.thestorefront.com\/mag\/wp-content\/uploads\/2018\/08\/Capture-d\u2019\u00e9cran-2018-08-21-\u00e0-16.26.16.png\" alt=\"ilot central new york\" width=\"412\" height=\"275\" srcset=\"https:\/\/www.thestorefront.com\/mag\/wp-content\/uploads\/2018\/08\/Capture-d\u2019\u00e9cran-2018-08-21-\u00e0-16.26.16.png 824w, https:\/\/www.thestorefront.com\/mag\/wp-content\/uploads\/2018\/08\/Capture-d\u2019\u00e9cran-2018-08-21-\u00e0-16.26.16-300x200.png 300w, https:\/\/www.thestorefront.com\/mag\/wp-content\/uploads\/2018\/08\/Capture-d\u2019\u00e9cran-2018-08-21-\u00e0-16.26.16-768x513.png 768w, https:\/\/www.thestorefront.com\/mag\/wp-content\/uploads\/2018\/08\/Capture-d\u2019\u00e9cran-2018-08-21-\u00e0-16.26.16-810x541.png 810w, https:\/\/www.thestorefront.com\/mag\/wp-content\/uploads\/2018\/08\/Capture-d\u2019\u00e9cran-2018-08-21-\u00e0-16.26.16-272x182.png 272w\" sizes=\"(max-width: 412px) 100vw, 412px\" \/><\/p>\n<h3><span class=\"ez-toc-section\" id=\"15-_Des_colonnes_et_cubes_de_galerie_revisites\"><\/span><b>15- Des colonnes et cubes de galerie revisit\u00e9s<\/b><span class=\"ez-toc-section-end\"><\/span><\/h3>\n<p>Tr\u00e8s classiques et utilis\u00e9s, les cubes ou colonnes de pr\u00e9sentation de sculptures peuvent aussi \u00eatre d\u00e9tourn\u00e9es pour pr\u00e9senter vos sacs, ou accessoires. Mieux, nos ch\u00e8res colonnes de galeriste sont aujourd\u2019hui revisit\u00e9es en diff\u00e9rents mat\u00e9riaux comme le plexiglas pour s\u2019effacer de la vue et mettre encore plus en valeur vos produits.<img decoding=\"async\" class=\"aligncenter wp-image-8834 \" src=\"https:\/\/www.thestorefront.com\/mag\/wp-content\/uploads\/2018\/08\/Capture-d\u2019\u00e9cran-2018-08-21-\u00e0-16.26.53.png\" alt=\"ilot central dans votre boutique\" width=\"566\" height=\"421\" srcset=\"https:\/\/www.thestorefront.com\/mag\/wp-content\/uploads\/2018\/08\/Capture-d\u2019\u00e9cran-2018-08-21-\u00e0-16.26.53.png 730w, https:\/\/www.thestorefront.com\/mag\/wp-content\/uploads\/2018\/08\/Capture-d\u2019\u00e9cran-2018-08-21-\u00e0-16.26.53-300x223.png 300w\" sizes=\"(max-width: 566px) 100vw, 566px\" \/><\/p>\n<h3><span class=\"ez-toc-section\" id=\"16-_Du_sur-mesure_avec_bancs_en_option\"><\/span><b>16- Du sur-mesure, avec bancs en option<\/b><span class=\"ez-toc-section-end\"><\/span><\/h3>\n<p>Faites appel \u00e0 un d\u00e9corateur professionnel en agencement si votre projet est global et n\u00e9cessite une correspondance absolue entre les dimensions, coloris, mati\u00e8re, entre votre id\u00e9e d\u2019ilot central et votre mobilier mural. Une d\u00e9marche similaire \u00e0 l\u2019achat d\u2019une cuisine \u00e9quip\u00e9e, avec ilot central int\u00e9gr\u00e9. Permis d\u2019ajouter des bancs pour plus de convivialit\u00e9, comme ici, dans cet espace \u00e9v\u00e9nementiel new-yorkais.<\/p>\n<h2 data-start=\"854\" data-end=\"903\"><span class=\"ez-toc-section\" id=\"FAQ_%E2%80%93_Ilot_central_et_design_de_pop-up_store\"><\/span>FAQ \u2013 \u00celot central et design de pop-up store<span class=\"ez-toc-section-end\"><\/span><\/h2>\n<p data-start=\"987\" data-end=\"1227\"><strong data-start=\"987\" data-end=\"1042\">Qu\u2019est-ce qu\u2019un \u00eelot central dans un pop-up store ?<\/strong><br data-start=\"1042\" data-end=\"1045\" \/>Un \u00eelot central est un mobilier plac\u00e9 au c\u0153ur de la boutique. Il sert \u00e0 exposer des produits, structurer la circulation, cr\u00e9er un point de rencontre et renforcer l\u2019exp\u00e9rience client.<\/p>\n<p data-start=\"1229\" data-end=\"1474\"><strong data-start=\"1229\" data-end=\"1295\">Pourquoi int\u00e9grer un \u00eelot central dans une boutique \u00e9ph\u00e9m\u00e8re ?<\/strong><br data-start=\"1295\" data-end=\"1298\" \/>Parce qu\u2019il attire naturellement le regard, invite \u00e0 entrer, facilite les \u00e9changes avec les visiteurs et offre une surface d\u2019exposition suppl\u00e9mentaire sans surcharger les murs.<\/p>\n<p data-start=\"1476\" data-end=\"1707\"><strong data-start=\"1476\" data-end=\"1540\">Quel est le r\u00f4le de l\u2019\u00eelot central dans le parcours client ?<\/strong><br data-start=\"1540\" data-end=\"1543\" \/>Il agit comme un point d\u2019ancrage : il ralentit la circulation, encourage la d\u00e9couverte des produits et favorise les interactions (conseil, d\u00e9monstration, essayage).<\/p>\n<p data-start=\"1709\" data-end=\"1996\"><strong data-start=\"1709\" data-end=\"1768\">Quel type d\u2019\u00eelot central choisir pour un pop-up store ?<\/strong><br data-start=\"1768\" data-end=\"1771\" \/>Cela d\u00e9pend de votre marque et de vos objectifs : table vintage pour une ambiance chaleureuse, mobilier industriel pour un univers brut, modules color\u00e9s pour un concept ludique, ou \u00eelot sur-mesure pour une exp\u00e9rience premium.<\/p>\n<p data-start=\"1998\" data-end=\"2205\"><strong data-start=\"1998\" data-end=\"2054\">Peut-on cr\u00e9er un \u00eelot central avec un petit budget ?<\/strong><br data-start=\"2054\" data-end=\"2057\" \/>Oui. De nombreuses solutions existent \u00e0 moindre co\u00fbt : palettes, caisses de transport, parpaings, meubles d\u00e9tourn\u00e9s ou mobilier r\u00e9cup\u00e9r\u00e9 et upcycl\u00e9.<\/p>\n<p data-start=\"2207\" data-end=\"2413\"><strong data-start=\"2207\" data-end=\"2261\">Un \u00eelot central est-il adapt\u00e9 aux petits espaces ?<\/strong><br data-start=\"2261\" data-end=\"2264\" \/>Oui, \u00e0 condition de choisir un format l\u00e9ger, modulable ou multifonction. Un \u00eelot bien pens\u00e9 peut m\u00eame am\u00e9liorer la circulation dans un espace r\u00e9duit.<\/p>\n<p data-start=\"2415\" data-end=\"2655\"><strong data-start=\"2415\" data-end=\"2480\">Faut-il un \u00eelot central fixe ou mobile dans un pop-up store ?<\/strong><br data-start=\"2480\" data-end=\"2483\" \/>Dans un pop-up store, la modularit\u00e9 est un atout. Les \u00eelots mobiles ou d\u00e9montables permettent d\u2019adapter la sc\u00e9nographie selon l\u2019affluence, les \u00e9v\u00e9nements ou les animations.<\/p>\n<p data-start=\"2657\" data-end=\"2872\"><strong data-start=\"2657\" data-end=\"2716\">L\u2019\u00eelot central peut-il \u00eatre un espace de convivialit\u00e9 ?<\/strong><br data-start=\"2716\" data-end=\"2719\" \/>Absolument. Il peut int\u00e9grer des assises, devenir un salon, une table de d\u00e9monstration, un espace atelier ou un point de d\u00e9gustation selon votre concept.<\/p>\n<p data-start=\"2874\" data-end=\"3094\"><strong data-start=\"2874\" data-end=\"2923\">Quand opter pour un \u00eelot central sur-mesure ?<\/strong><br data-start=\"2923\" data-end=\"2926\" \/>Le sur-mesure est pertinent pour des projets \u00e0 forte identit\u00e9 de marque, des lancements importants ou lorsque l\u2019\u00eelot doit dialoguer parfaitement avec le mobilier mural.<\/p>\n<p><a href=\"https:\/\/www.thestorefront.com\/fr\"><em><strong>Envie de cr\u00e9er le buzz avec un Pop-Up Store ? Trouvez votre bonheur parmi + de 10 000 r\u00e9f\u00e9rences sur notre plateforme !\u00a0<\/strong><\/em><\/a><\/p>\n\n\n<p><\/p>\n","protected":false},"excerpt":{"rendered":"<p>Dans un pop-up store, on pense vite aux murs, aux portants et aux \u00e9tag\u00e8res\u2026 mais l\u2019\u00eelot central est le v\u00e9ritable c\u0153ur du lieu. Visible d\u00e8s l\u2019entr\u00e9e, il guide la circulation, rassemble les visiteurs et offre une surface d\u2019exposition strat\u00e9gique. Vintage, modulable, upcycl\u00e9 ou sur-mesure : voici 16 id\u00e9es inspirantes pour concevoir un \u00eelot central qui donne du caract\u00e8re \u00e0 votre boutique \u00e9ph\u00e9m\u00e8re.<\/p>\n","protected":false},"author":39,"featured_media":13818,"comment_status":"closed","ping_status":"closed","sticky":false,"template":"","format":"standard","meta":{"qubely_global_settings":"","qubely_interactions":"","content-type":"","inline_featured_image":false,"site-sidebar-layout":"default","site-content-layout":"","ast-site-content-layout":"default","site-content-style":"default","site-sidebar-style":"default","ast-global-header-display":"","ast-banner-title-visibility":"","ast-main-header-display":"","ast-hfb-above-header-display":"","ast-hfb-below-header-display":"","ast-hfb-mobile-header-display":"","site-post-title":"","ast-breadcrumbs-content":"","ast-featured-img":"disabled","footer-sml-layout":"","theme-transparent-header-meta":"","adv-header-id-meta":"","stick-header-meta":"","header-above-stick-meta":"","header-main-stick-meta":"","header-below-stick-meta":"","astra-migrate-meta-layouts":"set","ast-page-background-enabled":"default","ast-page-background-meta":{"desktop":{"background-color":"","background-image":"","background-repeat":"repeat","background-position":"center center","background-size":"auto","background-attachment":"scroll","background-type":"","background-media":"","overlay-type":"","overlay-color":"","overlay-opacity":"","overlay-gradient":""},"tablet":{"background-color":"","background-image":"","background-repeat":"repeat","background-position":"center center","background-size":"auto","background-attachment":"scroll","background-type":"","background-media":"","overlay-type":"","overlay-color":"","overlay-opacity":"","overlay-gradient":""},"mobile":{"background-color":"","background-image":"","background-repeat":"repeat","background-position":"center center","background-size":"auto","background-attachment":"scroll","background-type":"","background-media":"","overlay-type":"","overlay-color":"","overlay-opacity":"","overlay-gradient":""}},"ast-content-background-meta":{"desktop":{"background-color":"var(--ast-global-color-5)","background-image":"","background-repeat":"repeat","background-position":"center center","background-size":"auto","background-attachment":"scroll","background-type":"","background-media":"","overlay-type":"","overlay-color":"","overlay-opacity":"","overlay-gradient":""},"tablet":{"background-color":"var(--ast-global-color-5)","background-image":"","background-repeat":"repeat","background-position":"center center","background-size":"auto","background-attachment":"scroll","background-type":"","background-media":"","overlay-type":"","overlay-color":"","overlay-opacity":"","overlay-gradient":""},"mobile":{"background-color":"var(--ast-global-color-5)","background-image":"","background-repeat":"repeat","background-position":"center center","background-size":"auto","background-attachment":"scroll","background-type":"","background-media":"","overlay-type":"","overlay-color":"","overlay-opacity":"","overlay-gradient":""}},"footnotes":""},"categories":[1607,1518],"tags":[],"class_list":["post-13817","post","type-post","status-publish","format-standard","has-post-thumbnail","hentry","category-pop-up-retail-how-to-fr","category-non-classifiee"],"qubely_featured_image_url":{"full":["https:\/\/www.thestorefront.com\/mag\/wp-content\/uploads\/2018\/08\/Capture-d\u2019\u00e9cran-2018-08-21-\u00e0-15.55.10.png",736,491,false],"landscape":["https:\/\/www.thestorefront.com\/mag\/wp-content\/uploads\/2018\/08\/Capture-d\u2019\u00e9cran-2018-08-21-\u00e0-15.55.10.png",736,491,false],"portraits":["https:\/\/www.thestorefront.com\/mag\/wp-content\/uploads\/2018\/08\/Capture-d\u2019\u00e9cran-2018-08-21-\u00e0-15.55.10.png",480,320,false],"thumbnail":["https:\/\/www.thestorefront.com\/mag\/wp-content\/uploads\/2018\/08\/Capture-d\u2019\u00e9cran-2018-08-21-\u00e0-15.55.10-150x150.png",150,150,true],"medium":["https:\/\/www.thestorefront.com\/mag\/wp-content\/uploads\/2018\/08\/Capture-d\u2019\u00e9cran-2018-08-21-\u00e0-15.55.10-300x200.png",300,200,true],"medium_large":["https:\/\/www.thestorefront.com\/mag\/wp-content\/uploads\/2018\/08\/Capture-d\u2019\u00e9cran-2018-08-21-\u00e0-15.55.10.png",736,491,false],"large":["https:\/\/www.thestorefront.com\/mag\/wp-content\/uploads\/2018\/08\/Capture-d\u2019\u00e9cran-2018-08-21-\u00e0-15.55.10.png",736,491,false],"1536x1536":["https:\/\/www.thestorefront.com\/mag\/wp-content\/uploads\/2018\/08\/Capture-d\u2019\u00e9cran-2018-08-21-\u00e0-15.55.10.png",736,491,false],"2048x2048":["https:\/\/www.thestorefront.com\/mag\/wp-content\/uploads\/2018\/08\/Capture-d\u2019\u00e9cran-2018-08-21-\u00e0-15.55.10.png",736,491,false],"qubely_landscape":["https:\/\/www.thestorefront.com\/mag\/wp-content\/uploads\/2018\/08\/Capture-d\u2019\u00e9cran-2018-08-21-\u00e0-15.55.10.png",736,491,false],"qubely_portrait":["https:\/\/www.thestorefront.com\/mag\/wp-content\/uploads\/2018\/08\/Capture-d\u2019\u00e9cran-2018-08-21-\u00e0-15.55.10.png",480,320,false],"qubely_thumbnail":["https:\/\/www.thestorefront.com\/mag\/wp-content\/uploads\/2018\/08\/Capture-d\u2019\u00e9cran-2018-08-21-\u00e0-15.55.10.png",140,93,false],"yarpp-thumbnail":["https:\/\/www.thestorefront.com\/mag\/wp-content\/uploads\/2018\/08\/Capture-d\u2019\u00e9cran-2018-08-21-\u00e0-15.55.10.png",120,80,false]},"qubely_author":{"display_name":"Anne-Laure Sizun","author_link":"https:\/\/www.thestorefront.com\/fr\/mag\/author\/anne-laure-sizun\/"},"qubely_comment":0,"qubely_category":"<a href=\"https:\/\/www.thestorefront.com\/fr\/mag\/category\/pop-up-retail-how-to-fr\/\" rel=\"category tag\">How-to<\/a> <a href=\"https:\/\/www.thestorefront.com\/fr\/mag\/category\/non-classifiee\/\" rel=\"category tag\">Non classifi\u00e9(e)<\/a>","qubely_excerpt":"Dans un pop-up store, on pense vite aux murs, aux portants et aux \u00e9tag\u00e8res\u2026 mais l\u2019\u00eelot central est le v\u00e9ritable c\u0153ur du lieu. Visible d\u00e8s l\u2019entr\u00e9e, il guide la circulation, rassemble les visiteurs et offre une surface d\u2019exposition strat\u00e9gique. Vintage, modulable, upcycl\u00e9 ou sur-mesure : voici 16 id\u00e9es inspirantes pour concevoir un \u00eelot central qui\u2026","_links":{"self":[{"href":"https:\/\/www.thestorefront.com\/fr\/mag\/wp-json\/wp\/v2\/posts\/13817","targetHints":{"allow":["GET"]}}],"collection":[{"href":"https:\/\/www.thestorefront.com\/fr\/mag\/wp-json\/wp\/v2\/posts"}],"about":[{"href":"https:\/\/www.thestorefront.com\/fr\/mag\/wp-json\/wp\/v2\/types\/post"}],"author":[{"embeddable":true,"href":"https:\/\/www.thestorefront.com\/fr\/mag\/wp-json\/wp\/v2\/users\/39"}],"replies":[{"embeddable":true,"href":"https:\/\/www.thestorefront.com\/fr\/mag\/wp-json\/wp\/v2\/comments?post=13817"}],"version-history":[{"count":0,"href":"https:\/\/www.thestorefront.com\/fr\/mag\/wp-json\/wp\/v2\/posts\/13817\/revisions"}],"wp:featuredmedia":[{"embeddable":true,"href":"https:\/\/www.thestorefront.com\/fr\/mag\/wp-json\/wp\/v2\/media\/13818"}],"wp:attachment":[{"href":"https:\/\/www.thestorefront.com\/fr\/mag\/wp-json\/wp\/v2\/media?parent=13817"}],"wp:term":[{"taxonomy":"category","embeddable":true,"href":"https:\/\/www.thestorefront.com\/fr\/mag\/wp-json\/wp\/v2\/categories?post=13817"},{"taxonomy":"post_tag","embeddable":true,"href":"https:\/\/www.thestorefront.com\/fr\/mag\/wp-json\/wp\/v2\/tags?post=13817"}],"curies":[{"name":"wp","href":"https:\/\/api.w.org\/{rel}","templated":true}]}}