{"id":13946,"date":"2018-06-28T14:59:49","date_gmt":"2018-06-28T14:59:49","guid":{"rendered":"http:\/\/blog.thestorefront.test\/dior-gucci-louboutin-cet-ete-le-luxe-fait-ses-valises-pour-le-pays-de-lephemere\/"},"modified":"2019-03-17T14:16:32","modified_gmt":"2019-03-17T14:16:32","slug":"dior-gucci-louboutin-cet-ete-le-luxe-fait-ses-valises-pour-le-pays-de-lephemere","status":"publish","type":"post","link":"https:\/\/www.thestorefront.com\/fr\/mag\/dior-gucci-louboutin-cet-ete-le-luxe-fait-ses-valises-pour-le-pays-de-lephemere\/","title":{"rendered":"Dior, Gucci, Louboutin : Cet \u00e9t\u00e9, le luxe fait ses valises pour le pays de l\u2019\u00e9ph\u00e9m\u00e8re !"},"content":{"rendered":"<div id=\"ez-toc-container\" class=\"ez-toc-v2_0_73 counter-hierarchy ez-toc-counter ez-toc-grey ez-toc-container-direction\">\n<div class=\"ez-toc-title-container\">\n<p class=\"ez-toc-title\" style=\"cursor:inherit\">Table of Contents<\/p>\n<span class=\"ez-toc-title-toggle\"><a href=\"#\" class=\"ez-toc-pull-right ez-toc-btn ez-toc-btn-xs ez-toc-btn-default ez-toc-toggle\" aria-label=\"Toggle Table of Content\"><span class=\"ez-toc-js-icon-con\"><span class=\"\"><span class=\"eztoc-hide\" style=\"display:none;\">Toggle<\/span><span class=\"ez-toc-icon-toggle-span\"><svg style=\"fill: #000000;color:#000000\" xmlns=\"http:\/\/www.w3.org\/2000\/svg\" class=\"list-377408\" width=\"20px\" height=\"20px\" viewBox=\"0 0 24 24\" fill=\"none\"><path d=\"M6 6H4v2h2V6zm14 0H8v2h12V6zM4 11h2v2H4v-2zm16 0H8v2h12v-2zM4 16h2v2H4v-2zm16 0H8v2h12v-2z\" fill=\"currentColor\"><\/path><\/svg><svg style=\"fill: #000000;color:#000000\" class=\"arrow-unsorted-368013\" xmlns=\"http:\/\/www.w3.org\/2000\/svg\" width=\"10px\" height=\"10px\" viewBox=\"0 0 24 24\" version=\"1.2\" baseProfile=\"tiny\"><path d=\"M18.2 9.3l-6.2-6.3-6.2 6.3c-.2.2-.3.4-.3.7s.1.5.3.7c.2.2.4.3.7.3h11c.3 0 .5-.1.7-.3.2-.2.3-.5.3-.7s-.1-.5-.3-.7zM5.8 14.7l6.2 6.3 6.2-6.3c.2-.2.3-.5.3-.7s-.1-.5-.3-.7c-.2-.2-.4-.3-.7-.3h-11c-.3 0-.5.1-.7.3-.2.2-.3.5-.3.7s.1.5.3.7z\"\/><\/svg><\/span><\/span><\/span><\/a><\/span><\/div>\n<nav><ul class='ez-toc-list ez-toc-list-level-1 ' ><li class='ez-toc-page-1 ez-toc-heading-level-4'><a class=\"ez-toc-link ez-toc-heading-1\" href=\"https:\/\/www.thestorefront.com\/fr\/mag\/dior-gucci-louboutin-cet-ete-le-luxe-fait-ses-valises-pour-le-pays-de-lephemere\/#1_Dior_Une_collection_capsule_pour_attirer_les_clients\" title=\"1. Dior : Une collection capsule pour attirer les clients\">1. Dior : Une collection capsule pour attirer les clients<\/a><\/li><li class='ez-toc-page-1 ez-toc-heading-level-4'><a class=\"ez-toc-link ez-toc-heading-2\" href=\"https:\/\/www.thestorefront.com\/fr\/mag\/dior-gucci-louboutin-cet-ete-le-luxe-fait-ses-valises-pour-le-pays-de-lephemere\/#2_Louboutin_%E2%80%9CLoubi_Beach%E2%80%9D_un_Pop-Up_Store_instagrammable\" title=\"2. Louboutin : \u201cLoubi Beach\u201d, un Pop-Up Store instagrammable\">2. Louboutin : \u201cLoubi Beach\u201d, un Pop-Up Store instagrammable<\/a><\/li><li class='ez-toc-page-1 ez-toc-heading-level-4'><a class=\"ez-toc-link ez-toc-heading-3\" href=\"https:\/\/www.thestorefront.com\/fr\/mag\/dior-gucci-louboutin-cet-ete-le-luxe-fait-ses-valises-pour-le-pays-de-lephemere\/#3_Gucci_Un_ADN_de_marque_qui_se_fond_dans_le_decor\" title=\"3. Gucci : Un ADN de marque qui se fond dans le d\u00e9cor\">3. Gucci : Un ADN de marque qui se fond dans le d\u00e9cor<\/a><\/li><li class='ez-toc-page-1 ez-toc-heading-level-4'><a class=\"ez-toc-link ez-toc-heading-4\" href=\"https:\/\/www.thestorefront.com\/fr\/mag\/dior-gucci-louboutin-cet-ete-le-luxe-fait-ses-valises-pour-le-pays-de-lephemere\/#4_Oscar_de_la_Renta_A_la_conquete_de_la_Grece\" title=\"4. Oscar de la Renta : \u00c0 la conqu\u00eate de la Gr\u00e8ce !\">4. Oscar de la Renta : \u00c0 la conqu\u00eate de la Gr\u00e8ce !<\/a><\/li><\/ul><\/nav><\/div>\n<div id=\"bsf_rt_marker\"><\/div><p><span style=\"font-weight: 400;\">Les marques de luxe ont un programme charg\u00e9 cet \u00e9t\u00e9 ! Dior, Gucci, Oscar de la Renta et Louboutin ont choisi de poser leur valises quelques semaines \u00e0 Mykonos, Loewe \u00e0 Ibiza, Chanel \u00e0 Saint-Tropez et \u00e0 Capri\u2026 <\/span><\/p>\n<p><span style=\"font-weight: 400;\">Un choix guid\u00e9 par un cadre hors du commun, bien s\u00fbr, mais pas seulement ! Ces destinations sont aussi les pr\u00e9f\u00e9r\u00e9es d\u2019une client\u00e8le CSP+, qui s\u2019y regroupe pendant une p\u00e9riode de l\u2019ann\u00e9e tr\u00e8s identifi\u00e9e. Une opportunit\u00e9 en or pour les grands noms du luxe de capitaliser sur une p\u00e9riode courte, mais intense, en boostant leurs ventes. <\/span><\/p>\n<p><span style=\"font-weight: 400;\">La solution ? Ouvrir <strong>une boutique \u00e9ph\u00e9m\u00e8re<\/strong>, un format flexible et moins co\u00fbteux qu\u2019une boutique permanente, pour aller \u00e0 la rencontre de cette client\u00e8le sans jamais s\u2019engager sur les p\u00e9riodes creuses de l\u2019ann\u00e9e. <\/span><\/p>\n<p><span style=\"font-weight: 400;\">Cap sur <strong>Mykonos<\/strong>, o\u00f9 5 marques ont choisi de partir en vacances avec leurs clients !<\/span><\/p>\n<figure id=\"attachment_7962\" aria-describedby=\"caption-attachment-7962\" style=\"width: 640px\" class=\"wp-caption aligncenter\"><a href=\"https:\/\/www.thestorefront.com\/fr\/?utm_source=Blog&amp;utm_medium=Article&amp;utm_campaign=Industry\"><img decoding=\"async\" class=\"wp-image-7962 size-full\" src=\"https:\/\/www.thestorefront.com\/mag\/wp-content\/uploads\/2018\/06\/Dio.png\" alt=\"\" width=\"640\" height=\"480\" srcset=\"https:\/\/www.thestorefront.com\/mag\/wp-content\/uploads\/2018\/06\/Dio.png 640w, https:\/\/www.thestorefront.com\/mag\/wp-content\/uploads\/2018\/06\/Dio-300x225.png 300w\" sizes=\"(max-width: 640px) 100vw, 640px\" \/><\/a><figcaption id=\"caption-attachment-7962\" class=\"wp-caption-text\">\u00a9 Dior<\/figcaption><\/figure>\n<h4><span class=\"ez-toc-section\" id=\"1_Dior_Une_collection_capsule_pour_attirer_les_clients\"><\/span><b>1. Dior : Une collection capsule pour attirer les clients<\/b><span class=\"ez-toc-section-end\"><\/span><\/h4>\n<p><span style=\"font-weight: 400;\">En baptisant ce pop-up store exclusif\u00a0 <em>\u201cJ\u2019adior Mykonos\u201d<\/em> la directrice artistique de Dior, Maria Grazia Chiuri, donne le ton ! Ouvert au 15 juin au 15 octobre 2018, la boutique \u00e9ph\u00e9m\u00e8re met \u00e0 l\u2019honneur les collections de l\u2019\u00e9t\u00e9 2018 ainsi qu\u2019une capsule con\u00e7ue pour la saison estivale comprenant un kit de survie : par\u00e9os, bodys, chaussures, sacs, maillots de bain et tote bags griff\u00e9s <em>\u201cMykonos\u201d<\/em>. Une premi\u00e8re pour la marque qui ne poss\u00e9dait pas de boutique p\u00e9renne sur l\u2019\u00eele ! <\/span><\/p>\n<p><b>L\u2019astuce \u00e0 retenir<\/b><span style=\"font-weight: 400;\"> : Proposer une capsule in\u00e9dite afin de donner envie aux curieux de pousser la porte de la boutique et lui attribuer une vraie valeur ajout\u00e9e.<\/span><\/p>\n<figure id=\"attachment_7964\" aria-describedby=\"caption-attachment-7964\" style=\"width: 744px\" class=\"wp-caption aligncenter\"><a href=\"https:\/\/www.thestorefront.com\/fr\/search?address=Paris%2C%20France&amp;latitude=48.85661400000001&amp;longitude=2.3522219000000177&amp;lat_l=48.9021449&amp;lat_g=48.815573&amp;lng_l=2.4699207999999544&amp;lng_g=2.2241989999999987&amp;parent_project_type_id=&amp;order=search%20DESC&amp;country=France&amp;city=Paris&amp;zoom=20&amp;utm_source=Blog&amp;utm_medium=Article&amp;utm_campaign=Industry\"><img decoding=\"async\" class=\"wp-image-7964\" src=\"https:\/\/www.thestorefront.com\/mag\/wp-content\/uploads\/2018\/06\/Louboutin.png\" alt=\"\" width=\"744\" height=\"492\" srcset=\"https:\/\/www.thestorefront.com\/mag\/wp-content\/uploads\/2018\/06\/Louboutin.png 1000w, https:\/\/www.thestorefront.com\/mag\/wp-content\/uploads\/2018\/06\/Louboutin-300x199.png 300w, https:\/\/www.thestorefront.com\/mag\/wp-content\/uploads\/2018\/06\/Louboutin-768x508.png 768w, https:\/\/www.thestorefront.com\/mag\/wp-content\/uploads\/2018\/06\/Louboutin-810x536.png 810w\" sizes=\"(max-width: 744px) 100vw, 744px\" \/><\/a><figcaption id=\"caption-attachment-7964\" class=\"wp-caption-text\">\u00a9 Louboutin<\/figcaption><\/figure>\n<h4><span class=\"ez-toc-section\" id=\"2_Louboutin_%E2%80%9CLoubi_Beach%E2%80%9D_un_Pop-Up_Store_instagrammable\"><\/span><b>2. Louboutin : \u201cLoubi Beach\u201d, un Pop-Up Store instagrammable <\/b><span class=\"ez-toc-section-end\"><\/span><\/h4>\n<p><span style=\"font-weight: 400;\">Les vacanciers de Mykonos auront au moins deux bonnes raisons d\u2019entrer dans le Pop-Up Store des stilettos \u00e0 la semelle rouge : s\u2019offrir de nouveaux souliers pour les folles soir\u00e9es de l\u2019\u00e9t\u00e9, et s\u2019instragrammer au coeur d\u2019un d\u00e9cor d\u2019exception. Pour la saison estivale, Christian Louboutin a imagin\u00e9 <em>\u201cLoubi Beach\u201d<\/em>, une nouvelle boutique \u00e9ph\u00e9m\u00e8re \u00e0 Nammos en collaboration avec le distributeur de luxe Enny di Monaco. Au programme : une caverne, signature de la Gr\u00e8ce, et du rouge, ADN de la marque. <\/span><\/p>\n<p><b>L\u2019astuce \u00e0 retenir<\/b><span style=\"font-weight: 400;\"> : Concevoir une sc\u00e9nographie qui se distingue du reste de l\u2019\u00eele pour envahir les feed Instagram et g\u00e9n\u00e9rer un maximum de buzz et de visites !<\/span><\/p>\n<figure id=\"attachment_7963\" aria-describedby=\"caption-attachment-7963\" style=\"width: 970px\" class=\"wp-caption aligncenter\"><a href=\"https:\/\/www.thestorefront.com\/fr\/search?address=Londres%2C%20Royaume-Uni&amp;zoom=10&amp;latitude=51.5073509&amp;longitude=-0.12775829999998223&amp;lat_g=51.38494009999999&amp;lat_l=51.6723432&amp;lng_g=-0.351468299999965&amp;lng_l=0.14827100000002247&amp;s=score%20DESC&amp;country=Royaume-Uni&amp;city=Londres&amp;page=1&amp;utm_source=Blog&amp;utm_medium=Article&amp;utm_campaign=Industry\"><img decoding=\"async\" class=\"wp-image-7963 size-full\" src=\"https:\/\/www.thestorefront.com\/mag\/wp-content\/uploads\/2018\/06\/Gucci.jpg\" alt=\"\" width=\"970\" height=\"400\" srcset=\"https:\/\/www.thestorefront.com\/mag\/wp-content\/uploads\/2018\/06\/Gucci.jpg 970w, https:\/\/www.thestorefront.com\/mag\/wp-content\/uploads\/2018\/06\/Gucci-300x124.jpg 300w, https:\/\/www.thestorefront.com\/mag\/wp-content\/uploads\/2018\/06\/Gucci-768x317.jpg 768w, https:\/\/www.thestorefront.com\/mag\/wp-content\/uploads\/2018\/06\/Gucci-810x334.jpg 810w\" sizes=\"(max-width: 970px) 100vw, 970px\" \/><\/a><figcaption id=\"caption-attachment-7963\" class=\"wp-caption-text\">\u00a9 Gucci<\/figcaption><\/figure>\n<h4><span class=\"ez-toc-section\" id=\"3_Gucci_Un_ADN_de_marque_qui_se_fond_dans_le_decor\"><\/span><b>3. Gucci : Un ADN de marque qui se fond dans le d\u00e9cor<\/b><span class=\"ez-toc-section-end\"><\/span><\/h4>\n<p><span style=\"font-weight: 400;\">C\u2019est au tour de l\u2019embl\u00e9matique Gucci de s\u2019installer de mani\u00e8re \u00e9ph\u00e9m\u00e8re dans le Village Nammos, r\u00e9cemment r\u00e9nov\u00e9 pour accueillir les plus belles marques de luxe. Gucci se met ainsi en sc\u00e8ne \u00e0 Mykonos gr\u00e2ce \u00e0 un Pop-Up Store de 120 m<\/span><span style=\"font-weight: 400;\">\u00b2<\/span><span style=\"font-weight: 400;\"> r\u00e9parti sur deux \u00e9tages, dont la d\u00e9coration rappelle un cabinet de curiosit\u00e9s. Un espace qui propose \u00e0 la vente une ligne compl\u00e8te de pr\u00eat-\u00e0-porter et d\u2019accessoires pour la femme ainsi que des accessoires pour l\u2019homme.<\/span><\/p>\n<p><b>L\u2019astuce \u00e0 retenir<\/b> <b>: <\/b><span style=\"font-weight: 400;\">Cr\u00e9er un environnement de vente coh\u00e9rent avec l\u2019ADN de sa marque. Gucci, par exemple, est connue pour le caract\u00e8re de ses imprim\u00e9s. La marque a donc choisi de reprendre les th\u00e8mes de sa nouvelle collection pour d\u00e9corer l\u2019int\u00e9rieur de son Pop-Up Store : des murs bleus, des clins d\u2019oeil \u00e0 la mer Eg\u00e9e\u2026 un m\u00e9lange harmonieux entre modernisme et romantisme, propres \u00e0 son ADN.<\/span><\/p>\n<figure id=\"attachment_7965\" aria-describedby=\"caption-attachment-7965\" style=\"width: 640px\" class=\"wp-caption aligncenter\"><a href=\"https:\/\/www.thestorefront.com\/fr\/search?address=New%20York%2C%20%C3%89tat%20de%20New%20York%2C%20%C3%89tats-Unis&amp;zoom=10&amp;latitude=40.7127753&amp;longitude=-74.0059728&amp;lat_g=40.4773991&amp;lat_l=40.9175771&amp;lng_g=-74.25908989999999&amp;lng_l=-73.7002721&amp;s=score%20DESC&amp;country=%C3%89tats-Unis&amp;city=New%20York&amp;page=1&amp;utm_source=Blog&amp;utm_medium=Article&amp;utm_campaign=Industry\"><img decoding=\"async\" class=\"wp-image-7965 size-full\" src=\"https:\/\/www.thestorefront.com\/mag\/wp-content\/uploads\/2018\/06\/Oscar-de-la-renta.jpg\" alt=\"\" width=\"640\" height=\"415\" srcset=\"https:\/\/www.thestorefront.com\/mag\/wp-content\/uploads\/2018\/06\/Oscar-de-la-renta.jpg 640w, https:\/\/www.thestorefront.com\/mag\/wp-content\/uploads\/2018\/06\/Oscar-de-la-renta-300x195.jpg 300w\" sizes=\"(max-width: 640px) 100vw, 640px\" \/><\/a><figcaption id=\"caption-attachment-7965\" class=\"wp-caption-text\">\u00a9 Oscar de la Renta<\/figcaption><\/figure>\n<h4><span class=\"ez-toc-section\" id=\"4_Oscar_de_la_Renta_A_la_conquete_de_la_Grece\"><\/span><b>4. Oscar de la Renta : \u00c0 la conqu\u00eate de la Gr\u00e8ce !<\/b><span class=\"ez-toc-section-end\"><\/span><\/h4>\n<p><span style=\"font-weight: 400;\">Si la boutique \u00e9ph\u00e9m\u00e8re n\u2019\u00e9tait pas brand\u00e9e pour l\u2019occasion, personne n\u2019aurait pu croire \u00e0 une oeuvre sign\u00e9e Oscar de la Renta ! En effet, le Pop-Up Store de la marque au sein du Village Nammos ne ressemble en rien \u00e0 ses autres boutiques ! Totalement ancr\u00e9e dans une fa\u00e7ade de pierres, l\u2019entr\u00e9e vo\u00fbt\u00e9e laisse entrevoir un espace industriel aux murs blancs, parfaitement align\u00e9s avec l\u2019esth\u00e9tique de l\u2019\u00eele grecque. R\u00e9sultat : 300m<\/span><span style=\"font-weight: 400;\">\u00b2<\/span><span style=\"font-weight: 400;\"> enti\u00e8rement d\u00e9di\u00e9s \u00e0 la vente de la ligne estivale de la marque et notamment \u00e0 sa r\u00e9cente collaboration avec la marque de lunettes de luxe Morgenthal Frederics, pour le bonheur des vacanciers. <\/span><\/p>\n<p><b>L\u2019astuce \u00e0 retenir<\/b><span style=\"font-weight: 400;\"> : Profiter du format \u00e9ph\u00e9m\u00e8re pour tester diff\u00e9rentes villes d\u2019un m\u00eame pays. Apr\u00e8s un premier Pop-Up Store r\u00e9ussi \u00e0 Ath\u00e8nes, Oscar de la Renta, par exemple, a \u00e9tendu son influence jusqu\u2019\u00e0 Mykonos, o\u00f9 locaux ais\u00e9s et touristes CSP+ se m\u00e9langent.<\/span><\/p>\n<p><em><a href=\"https:\/\/www.thestorefront.com\/fr\/?utm_source=Blog&amp;utm_medium=Article&amp;utm_campaign=Retail%20Trends\">Trouvez l\u2019espace id\u00e9al pour votre projet \u00e9ph\u00e9m\u00e8re parmi \u00a0plus de 10 000 r\u00e9f\u00e9rences disponibles dans le monde entier<\/a><\/em><\/p>\n","protected":false},"excerpt":{"rendered":"<p>Les marques de luxe ont un programme charg\u00e9 cet \u00e9t\u00e9 ! Dior, Gucci, Oscar de la Renta et Louboutin ont choisi de poser leur valises quelques semaines \u00e0 Mykonos, Loewe \u00e0 Ibiza, Chanel \u00e0 Saint-Tropez et \u00e0 Capri\u2026 Un choix guid\u00e9 par un cadre hors du commun, bien s\u00fbr, mais pas seulement ! Ces destinations [&hellip;]<\/p>\n","protected":false},"author":36,"featured_media":13948,"comment_status":"closed","ping_status":"closed","sticky":false,"template":"","format":"standard","meta":{"qubely_global_settings":"","qubely_interactions":"","content-type":"","inline_featured_image":false,"site-sidebar-layout":"default","site-content-layout":"","ast-site-content-layout":"default","site-content-style":"default","site-sidebar-style":"default","ast-global-header-display":"","ast-banner-title-visibility":"","ast-main-header-display":"","ast-hfb-above-header-display":"","ast-hfb-below-header-display":"","ast-hfb-mobile-header-display":"","site-post-title":"","ast-breadcrumbs-content":"","ast-featured-img":"disabled","footer-sml-layout":"","theme-transparent-header-meta":"","adv-header-id-meta":"","stick-header-meta":"","header-above-stick-meta":"","header-main-stick-meta":"","header-below-stick-meta":"","astra-migrate-meta-layouts":"default","ast-page-background-enabled":"default","ast-page-background-meta":{"desktop":{"background-color":"","background-image":"","background-repeat":"repeat","background-position":"center center","background-size":"auto","background-attachment":"scroll","background-type":"","background-media":"","overlay-type":"","overlay-color":"","overlay-opacity":"","overlay-gradient":""},"tablet":{"background-color":"","background-image":"","background-repeat":"repeat","background-position":"center center","background-size":"auto","background-attachment":"scroll","background-type":"","background-media":"","overlay-type":"","overlay-color":"","overlay-opacity":"","overlay-gradient":""},"mobile":{"background-color":"","background-image":"","background-repeat":"repeat","background-position":"center center","background-size":"auto","background-attachment":"scroll","background-type":"","background-media":"","overlay-type":"","overlay-color":"","overlay-opacity":"","overlay-gradient":""}},"ast-content-background-meta":{"desktop":{"background-color":"var(--ast-global-color-5)","background-image":"","background-repeat":"repeat","background-position":"center center","background-size":"auto","background-attachment":"scroll","background-type":"","background-media":"","overlay-type":"","overlay-color":"","overlay-opacity":"","overlay-gradient":""},"tablet":{"background-color":"var(--ast-global-color-5)","background-image":"","background-repeat":"repeat","background-position":"center center","background-size":"auto","background-attachment":"scroll","background-type":"","background-media":"","overlay-type":"","overlay-color":"","overlay-opacity":"","overlay-gradient":""},"mobile":{"background-color":"var(--ast-global-color-5)","background-image":"","background-repeat":"repeat","background-position":"center center","background-size":"auto","background-attachment":"scroll","background-type":"","background-media":"","overlay-type":"","overlay-color":"","overlay-opacity":"","overlay-gradient":""}},"footnotes":""},"categories":[1519],"tags":[1838],"class_list":["post-13946","post","type-post","status-publish","format-standard","has-post-thumbnail","hentry","category-inspiration-fr","tag-jadior-mykonos-fr-2"],"qubely_featured_image_url":{"full":["https:\/\/www.thestorefront.com\/mag\/wp-content\/uploads\/2018\/06\/Oscar-de-la-renta.jpg",640,415,false],"landscape":["https:\/\/www.thestorefront.com\/mag\/wp-content\/uploads\/2018\/06\/Oscar-de-la-renta.jpg",640,415,false],"portraits":["https:\/\/www.thestorefront.com\/mag\/wp-content\/uploads\/2018\/06\/Oscar-de-la-renta.jpg",493,320,false],"thumbnail":["https:\/\/www.thestorefront.com\/mag\/wp-content\/uploads\/2018\/06\/Oscar-de-la-renta-150x150.jpg",150,150,true],"medium":["https:\/\/www.thestorefront.com\/mag\/wp-content\/uploads\/2018\/06\/Oscar-de-la-renta-300x195.jpg",300,195,true],"medium_large":["https:\/\/www.thestorefront.com\/mag\/wp-content\/uploads\/2018\/06\/Oscar-de-la-renta.jpg",640,415,false],"large":["https:\/\/www.thestorefront.com\/mag\/wp-content\/uploads\/2018\/06\/Oscar-de-la-renta.jpg",640,415,false],"1536x1536":["https:\/\/www.thestorefront.com\/mag\/wp-content\/uploads\/2018\/06\/Oscar-de-la-renta.jpg",640,415,false],"2048x2048":["https:\/\/www.thestorefront.com\/mag\/wp-content\/uploads\/2018\/06\/Oscar-de-la-renta.jpg",640,415,false],"qubely_landscape":["https:\/\/www.thestorefront.com\/mag\/wp-content\/uploads\/2018\/06\/Oscar-de-la-renta.jpg",640,415,false],"qubely_portrait":["https:\/\/www.thestorefront.com\/mag\/wp-content\/uploads\/2018\/06\/Oscar-de-la-renta.jpg",493,320,false],"qubely_thumbnail":["https:\/\/www.thestorefront.com\/mag\/wp-content\/uploads\/2018\/06\/Oscar-de-la-renta.jpg",140,91,false],"yarpp-thumbnail":["https:\/\/www.thestorefront.com\/mag\/wp-content\/uploads\/2018\/06\/Oscar-de-la-renta.jpg",120,78,false]},"qubely_author":{"display_name":"Stephanie Kidder","author_link":"https:\/\/www.thestorefront.com\/fr\/mag\/author\/skidder\/"},"qubely_comment":0,"qubely_category":"<a href=\"https:\/\/www.thestorefront.com\/fr\/mag\/category\/inspiration-fr\/\" rel=\"category tag\">Inspiration<\/a>","qubely_excerpt":"Les marques de luxe ont un programme charg\u00e9 cet \u00e9t\u00e9 ! Dior, Gucci, Oscar de la Renta et Louboutin ont choisi de poser leur valises quelques semaines \u00e0 Mykonos, Loewe \u00e0 Ibiza, Chanel \u00e0 Saint-Tropez et \u00e0 Capri\u2026 Un choix guid\u00e9 par un cadre hors du commun, bien s\u00fbr, mais pas seulement ! Ces destinations\u2026","_links":{"self":[{"href":"https:\/\/www.thestorefront.com\/fr\/mag\/wp-json\/wp\/v2\/posts\/13946","targetHints":{"allow":["GET"]}}],"collection":[{"href":"https:\/\/www.thestorefront.com\/fr\/mag\/wp-json\/wp\/v2\/posts"}],"about":[{"href":"https:\/\/www.thestorefront.com\/fr\/mag\/wp-json\/wp\/v2\/types\/post"}],"author":[{"embeddable":true,"href":"https:\/\/www.thestorefront.com\/fr\/mag\/wp-json\/wp\/v2\/users\/36"}],"replies":[{"embeddable":true,"href":"https:\/\/www.thestorefront.com\/fr\/mag\/wp-json\/wp\/v2\/comments?post=13946"}],"version-history":[{"count":0,"href":"https:\/\/www.thestorefront.com\/fr\/mag\/wp-json\/wp\/v2\/posts\/13946\/revisions"}],"wp:featuredmedia":[{"embeddable":true,"href":"https:\/\/www.thestorefront.com\/fr\/mag\/wp-json\/wp\/v2\/media\/13948"}],"wp:attachment":[{"href":"https:\/\/www.thestorefront.com\/fr\/mag\/wp-json\/wp\/v2\/media?parent=13946"}],"wp:term":[{"taxonomy":"category","embeddable":true,"href":"https:\/\/www.thestorefront.com\/fr\/mag\/wp-json\/wp\/v2\/categories?post=13946"},{"taxonomy":"post_tag","embeddable":true,"href":"https:\/\/www.thestorefront.com\/fr\/mag\/wp-json\/wp\/v2\/tags?post=13946"}],"curies":[{"name":"wp","href":"https:\/\/api.w.org\/{rel}","templated":true}]}}