{"id":14026,"date":"2021-05-31T05:00:00","date_gmt":"2021-05-31T05:00:00","guid":{"rendered":"http:\/\/blog.thestorefront.test\/conseils-de-pro-faut-il-utiliser-du-blanc-dans-une-boutique\/"},"modified":"2026-02-12T23:15:44","modified_gmt":"2026-02-12T23:15:44","slug":"conseils-de-pro-faut-il-utiliser-du-blanc-dans-une-boutique","status":"publish","type":"post","link":"https:\/\/www.thestorefront.com\/fr\/mag\/conseils-de-pro-faut-il-utiliser-du-blanc-dans-une-boutique\/","title":{"rendered":"Faut-il utiliser du blanc dans un pop-up store ?"},"content":{"rendered":"<div id=\"ez-toc-container\" class=\"ez-toc-v2_0_73 counter-hierarchy ez-toc-counter ez-toc-grey ez-toc-container-direction\">\n<div class=\"ez-toc-title-container\">\n<p class=\"ez-toc-title\" style=\"cursor:inherit\">Table of Contents<\/p>\n<span class=\"ez-toc-title-toggle\"><a href=\"#\" class=\"ez-toc-pull-right ez-toc-btn ez-toc-btn-xs ez-toc-btn-default ez-toc-toggle\" aria-label=\"Toggle Table of Content\"><span class=\"ez-toc-js-icon-con\"><span class=\"\"><span class=\"eztoc-hide\" style=\"display:none;\">Toggle<\/span><span class=\"ez-toc-icon-toggle-span\"><svg style=\"fill: #000000;color:#000000\" xmlns=\"http:\/\/www.w3.org\/2000\/svg\" class=\"list-377408\" width=\"20px\" height=\"20px\" viewBox=\"0 0 24 24\" fill=\"none\"><path d=\"M6 6H4v2h2V6zm14 0H8v2h12V6zM4 11h2v2H4v-2zm16 0H8v2h12v-2zM4 16h2v2H4v-2zm16 0H8v2h12v-2z\" fill=\"currentColor\"><\/path><\/svg><svg style=\"fill: #000000;color:#000000\" class=\"arrow-unsorted-368013\" xmlns=\"http:\/\/www.w3.org\/2000\/svg\" width=\"10px\" height=\"10px\" viewBox=\"0 0 24 24\" version=\"1.2\" baseProfile=\"tiny\"><path d=\"M18.2 9.3l-6.2-6.3-6.2 6.3c-.2.2-.3.4-.3.7s.1.5.3.7c.2.2.4.3.7.3h11c.3 0 .5-.1.7-.3.2-.2.3-.5.3-.7s-.1-.5-.3-.7zM5.8 14.7l6.2 6.3 6.2-6.3c.2-.2.3-.5.3-.7s-.1-.5-.3-.7c-.2-.2-.4-.3-.7-.3h-11c-.3 0-.5.1-.7.3-.2.2-.3.5-.3.7s.1.5.3.7z\"\/><\/svg><\/span><\/span><\/span><\/a><\/span><\/div>\n<nav><ul class='ez-toc-list ez-toc-list-level-1 ' ><li class='ez-toc-page-1 ez-toc-heading-level-2'><a class=\"ez-toc-link ez-toc-heading-1\" href=\"https:\/\/www.thestorefront.com\/fr\/mag\/conseils-de-pro-faut-il-utiliser-du-blanc-dans-une-boutique\/#Pourquoi_le_blanc_fonctionne\" title=\"Pourquoi le blanc fonctionne\">Pourquoi le blanc fonctionne<\/a><\/li><li class='ez-toc-page-1 ez-toc-heading-level-2'><a class=\"ez-toc-link ez-toc-heading-2\" href=\"https:\/\/www.thestorefront.com\/fr\/mag\/conseils-de-pro-faut-il-utiliser-du-blanc-dans-une-boutique\/#Les_limites_du_blanc_en_boutique_ephemere\" title=\"Les limites du blanc en boutique \u00e9ph\u00e9m\u00e8re\">Les limites du blanc en boutique \u00e9ph\u00e9m\u00e8re<\/a><\/li><li class='ez-toc-page-1 ez-toc-heading-level-2'><a class=\"ez-toc-link ez-toc-heading-3\" href=\"https:\/\/www.thestorefront.com\/fr\/mag\/conseils-de-pro-faut-il-utiliser-du-blanc-dans-une-boutique\/#Comment_utiliser_le_blanc_intelligemment\" title=\"Comment utiliser le blanc intelligemment\">Comment utiliser le blanc intelligemment<\/a><\/li><li class='ez-toc-page-1 ez-toc-heading-level-2'><a class=\"ez-toc-link ez-toc-heading-4\" href=\"https:\/\/www.thestorefront.com\/fr\/mag\/conseils-de-pro-faut-il-utiliser-du-blanc-dans-une-boutique\/#Conclusion\" title=\"Conclusion\">Conclusion<\/a><\/li><\/ul><\/nav><\/div>\n<div id=\"bsf_rt_marker\"><\/div><p data-start=\"584\" data-end=\"934\">Le blanc est devenu une r\u00e9f\u00e9rence dans le design de boutiques \u00e9ph\u00e9m\u00e8res. Minimaliste, lumineux et souvent per\u00e7u comme premium, il semble offrir une solution simple pour mettre en valeur les produits. Pourtant, son utilisation dans un pop-up store m\u00e9rite r\u00e9flexion. Mal ma\u00eetris\u00e9, le blanc peut rendre un espace froid, impersonnel ou visuellement plat.<\/p>\n<p data-start=\"936\" data-end=\"1062\">Dans une strat\u00e9gie de couleur pour pop-up store, le blanc ne doit jamais \u00eatre un choix par d\u00e9faut, mais un choix intentionnel.<\/p>\n<p data-start=\"1064\" data-end=\"1265\">Pour une vision globale de l\u2019utilisation de la couleur en boutique \u00e9ph\u00e9m\u00e8re, consultez notre guide d\u00e9di\u00e9 \u00e0 la <a class=\"decorated-link cursor-pointer\" href=\"https:\/\/www.thestorefront.com\/fr\/mag\/couleur-pop-up-store\/\" target=\"_new\" rel=\"noopener\" data-start=\"1174\" data-end=\"1264\">couleur dans un pop-up store<\/a>.<\/p>\n<p><img decoding=\"async\" class=\"aligncenter wp-image-7317 size-large\" src=\"https:\/\/www.thestorefront.com\/mag\/wp-content\/uploads\/2018\/05\/PRIVATE-_-SPACE-_-INDSIDE-_-RETAIL-_-AMSTERDAM-1024x683.jpg\" alt=\"Pop up coleur blanc\" width=\"1024\" height=\"683\" srcset=\"https:\/\/www.thestorefront.com\/mag\/wp-content\/uploads\/2018\/05\/PRIVATE-_-SPACE-_-INDSIDE-_-RETAIL-_-AMSTERDAM-1024x683.jpg 1024w, https:\/\/www.thestorefront.com\/mag\/wp-content\/uploads\/2018\/05\/PRIVATE-_-SPACE-_-INDSIDE-_-RETAIL-_-AMSTERDAM-300x200.jpg 300w, https:\/\/www.thestorefront.com\/mag\/wp-content\/uploads\/2018\/05\/PRIVATE-_-SPACE-_-INDSIDE-_-RETAIL-_-AMSTERDAM-768x512.jpg 768w, https:\/\/www.thestorefront.com\/mag\/wp-content\/uploads\/2018\/05\/PRIVATE-_-SPACE-_-INDSIDE-_-RETAIL-_-AMSTERDAM-810x540.jpg 810w, https:\/\/www.thestorefront.com\/mag\/wp-content\/uploads\/2018\/05\/PRIVATE-_-SPACE-_-INDSIDE-_-RETAIL-_-AMSTERDAM-1140x760.jpg 1140w, https:\/\/www.thestorefront.com\/mag\/wp-content\/uploads\/2018\/05\/PRIVATE-_-SPACE-_-INDSIDE-_-RETAIL-_-AMSTERDAM-272x182.jpg 272w, https:\/\/www.thestorefront.com\/mag\/wp-content\/uploads\/2018\/05\/PRIVATE-_-SPACE-_-INDSIDE-_-RETAIL-_-AMSTERDAM.jpg 1440w\" sizes=\"(max-width: 1024px) 100vw, 1024px\" \/><\/p>\n<h2 data-start=\"1272\" data-end=\"1303\"><span class=\"ez-toc-section\" id=\"Pourquoi_le_blanc_fonctionne\"><\/span>Pourquoi le blanc fonctionne<span class=\"ez-toc-section-end\"><\/span><\/h2>\n<p data-start=\"1305\" data-end=\"1621\">Le blanc agit comme un amplificateur de lumi\u00e8re. Dans un espace peu \u00e9clair\u00e9, il refl\u00e8te la luminosit\u00e9 disponible et contribue \u00e0 agrandir visuellement la surface. Cette capacit\u00e9 \u00e0 \u201couvrir\u201d l\u2019espace en fait un choix fr\u00e9quent pour les petites boutiques \u00e9ph\u00e9m\u00e8res ou les lieux temporaires \u00e0 l\u2019architecture contraignante.<\/p>\n<p data-start=\"1623\" data-end=\"1941\">Il permet \u00e9galement de placer le produit au centre de l\u2019attention. En supprimant les distractions visuelles, le blanc met en valeur les formes, les textures et les couleurs des articles expos\u00e9s. Dans certains univers \u2014 cosm\u00e9tique, technologie, joaillerie \u2014 il renforce une perception de pr\u00e9cision et de sophistication.<\/p>\n<p data-start=\"1943\" data-end=\"2132\">Enfin, le blanc s\u2019inscrit naturellement dans une esth\u00e9tique contemporaine. Associ\u00e9 \u00e0 des lignes \u00e9pur\u00e9es et \u00e0 des mat\u00e9riaux sobres, il peut soutenir un positionnement premium ou minimaliste.<\/p>\n<p><img decoding=\"async\" class=\"aligncenter wp-image-7318 \" src=\"https:\/\/www.thestorefront.com\/mag\/wp-content\/uploads\/2018\/05\/SPACE-2F-LISTING-2F-SHOWROOM-2F-MILAN-2F-PRIVATE-1024x683.jpg\" alt=\"Couleur blanc pop up shop\" width=\"853\" height=\"569\" srcset=\"https:\/\/www.thestorefront.com\/mag\/wp-content\/uploads\/2018\/05\/SPACE-2F-LISTING-2F-SHOWROOM-2F-MILAN-2F-PRIVATE-1024x683.jpg 1024w, https:\/\/www.thestorefront.com\/mag\/wp-content\/uploads\/2018\/05\/SPACE-2F-LISTING-2F-SHOWROOM-2F-MILAN-2F-PRIVATE-300x200.jpg 300w, https:\/\/www.thestorefront.com\/mag\/wp-content\/uploads\/2018\/05\/SPACE-2F-LISTING-2F-SHOWROOM-2F-MILAN-2F-PRIVATE-768x512.jpg 768w, https:\/\/www.thestorefront.com\/mag\/wp-content\/uploads\/2018\/05\/SPACE-2F-LISTING-2F-SHOWROOM-2F-MILAN-2F-PRIVATE-810x540.jpg 810w, https:\/\/www.thestorefront.com\/mag\/wp-content\/uploads\/2018\/05\/SPACE-2F-LISTING-2F-SHOWROOM-2F-MILAN-2F-PRIVATE-1140x760.jpg 1140w, https:\/\/www.thestorefront.com\/mag\/wp-content\/uploads\/2018\/05\/SPACE-2F-LISTING-2F-SHOWROOM-2F-MILAN-2F-PRIVATE-272x182.jpg 272w, https:\/\/www.thestorefront.com\/mag\/wp-content\/uploads\/2018\/05\/SPACE-2F-LISTING-2F-SHOWROOM-2F-MILAN-2F-PRIVATE.jpg 1440w\" sizes=\"(max-width: 853px) 100vw, 853px\" \/><\/p>\n<h2 data-start=\"2139\" data-end=\"2183\"><span class=\"ez-toc-section\" id=\"Les_limites_du_blanc_en_boutique_ephemere\"><\/span>Les limites du blanc en boutique \u00e9ph\u00e9m\u00e8re<span class=\"ez-toc-section-end\"><\/span><\/h2>\n<p data-start=\"2185\" data-end=\"2441\">Dans un pop-up store, l\u2019objectif est de cr\u00e9er un impact imm\u00e9diat. Or, un espace enti\u00e8rement blanc peut manquer de caract\u00e8re s\u2019il n\u2019est pas structur\u00e9 par des contrastes ou des \u00e9l\u00e9ments forts. Depuis la rue, une fa\u00e7ade trop neutre risque de passer inaper\u00e7ue.<\/p>\n<p data-start=\"2443\" data-end=\"2737\">\u00c0 l\u2019int\u00e9rieur, le blanc peut \u00e9galement accentuer les imperfections. Il r\u00e9v\u00e8le les d\u00e9fauts des murs, les irr\u00e9gularit\u00e9s de lumi\u00e8re et peut att\u00e9nuer la pr\u00e9sence visuelle des \u00e9l\u00e9ments d\u00e9coratifs. Sans travail sur les mati\u00e8res, les volumes et l\u2019\u00e9clairage, l\u2019espace peut para\u00eetre plat ou impersonnel.<\/p>\n<p data-start=\"2739\" data-end=\"2993\">Le blanc peut enfin cr\u00e9er une distance \u00e9motionnelle. Dans certains contextes, un environnement trop lumineux ou trop \u00e9pur\u00e9 peut sembler froid, voire intimidant. Or, une boutique \u00e9ph\u00e9m\u00e8re cherche souvent \u00e0 cr\u00e9er une proximit\u00e9 et une exp\u00e9rience engageante.<\/p>\n<p><img decoding=\"async\" class=\"aligncenter wp-image-7320 size-full\" src=\"https:\/\/www.thestorefront.com\/mag\/wp-content\/uploads\/2018\/05\/28740.png\" alt=\"blanc pop up shop gallerie\" width=\"721\" height=\"479\" srcset=\"https:\/\/www.thestorefront.com\/mag\/wp-content\/uploads\/2018\/05\/28740.png 721w, https:\/\/www.thestorefront.com\/mag\/wp-content\/uploads\/2018\/05\/28740-300x199.png 300w, https:\/\/www.thestorefront.com\/mag\/wp-content\/uploads\/2018\/05\/28740-272x182.png 272w\" sizes=\"(max-width: 721px) 100vw, 721px\" \/><\/p>\n<h2 data-start=\"3000\" data-end=\"3043\"><span class=\"ez-toc-section\" id=\"Comment_utiliser_le_blanc_intelligemment\"><\/span>Comment utiliser le blanc intelligemment<span class=\"ez-toc-section-end\"><\/span><\/h2>\n<p data-start=\"3045\" data-end=\"3402\">Le blanc fonctionne mieux lorsqu\u2019il est nuanc\u00e9 et contextualis\u00e9. Plut\u00f4t que d\u2019opter pour un blanc pur syst\u00e9matique, il est pertinent d\u2019adapter la teinte \u00e0 la lumi\u00e8re naturelle du lieu. Un blanc l\u00e9g\u00e8rement chaud apportera de la douceur \u00e0 un espace orient\u00e9 au nord, tandis qu\u2019un blanc plus froid renforcera la sensation de clart\u00e9 dans un espace tr\u00e8s lumineux.<\/p>\n<p data-start=\"3404\" data-end=\"3581\">L\u2019association avec des mati\u00e8res joue \u00e9galement un r\u00f4le cl\u00e9. Bois clair, m\u00e9tal, textile brut ou pierre naturelle permettent de r\u00e9chauffer l\u2019ensemble et d\u2019\u00e9viter l\u2019effet clinique.<\/p>\n<p data-start=\"3583\" data-end=\"3797\">Introduire une couleur d\u2019accent strat\u00e9gique est souvent une solution efficace. Un mur focal, un mobilier contrast\u00e9 ou un \u00e9l\u00e9ment graphique fort peuvent structurer l\u2019espace sans compromettre la neutralit\u00e9 dominante.<\/p>\n<p data-start=\"3799\" data-end=\"3970\">Enfin, le blanc gagne en force lorsqu\u2019il est int\u00e9gr\u00e9 dans une palette coh\u00e9rente. Il ne doit pas \u00eatre isol\u00e9, mais s\u2019inscrire dans une strat\u00e9gie globale d\u2019identit\u00e9 visuelle.<\/p>\n<div class=\"mceTemp\">\u00a0<\/div>\n<p><img decoding=\"async\" class=\"aligncenter wp-image-7319 size-full\" src=\"https:\/\/www.thestorefront.com\/mag\/wp-content\/uploads\/2018\/05\/Showroom-26948.png\" alt=\"blanc retail couleur\" width=\"721\" height=\"480\" srcset=\"https:\/\/www.thestorefront.com\/mag\/wp-content\/uploads\/2018\/05\/Showroom-26948.png 721w, https:\/\/www.thestorefront.com\/mag\/wp-content\/uploads\/2018\/05\/Showroom-26948-300x200.png 300w, https:\/\/www.thestorefront.com\/mag\/wp-content\/uploads\/2018\/05\/Showroom-26948-272x182.png 272w\" sizes=\"(max-width: 721px) 100vw, 721px\" \/><\/p>\n<h2 data-start=\"3977\" data-end=\"3990\"><span class=\"ez-toc-section\" id=\"Conclusion\"><\/span>Conclusion<span class=\"ez-toc-section-end\"><\/span><\/h2>\n<p data-start=\"3992\" data-end=\"4247\">Le blanc peut \u00eatre un alli\u00e9 puissant dans un pop-up store, \u00e0 condition d\u2019\u00eatre utilis\u00e9 avec intention. Il apporte luminosit\u00e9, clart\u00e9 et modernit\u00e9, mais n\u00e9cessite un travail pr\u00e9cis sur les contrastes, les mati\u00e8res et la sc\u00e9nographie pour \u00e9viter la froideur.<\/p>\n<p data-start=\"4249\" data-end=\"4482\">Dans une boutique \u00e9ph\u00e9m\u00e8re, chaque choix chromatique influence la perception de la marque et l\u2019exp\u00e9rience client. Le blanc n\u2019est ni une solution universelle, ni une erreur \u00e0 \u00e9viter : c\u2019est un outil strat\u00e9gique qui doit \u00eatre ma\u00eetris\u00e9.<\/p>\n<p data-start=\"4484\" data-end=\"4667\">Pour construire une approche coh\u00e9rente et performante, consultez notre guide complet sur la <a class=\"decorated-link cursor-pointer\" href=\"https:\/\/www.thestorefront.com\/fr\/mag\/couleur-pop-up-store\/\" target=\"_new\" rel=\"noopener\" data-start=\"4576\" data-end=\"4666\">couleur dans un pop-up store<\/a>.<\/p>\n\n\n<p><\/p>\n","protected":false},"excerpt":{"rendered":"<p>Blanc minimaliste ou espace trop froid ? D\u00e9couvrez les avantages, les limites et les bonnes pratiques pour utiliser le blanc dans un pop-up store sans perdre en impact ni en personnalit\u00e9.<\/p>\n","protected":false},"author":33,"featured_media":14027,"comment_status":"closed","ping_status":"closed","sticky":false,"template":"","format":"standard","meta":{"qubely_global_settings":"","qubely_interactions":"","content-type":"","inline_featured_image":false,"site-sidebar-layout":"default","site-content-layout":"default","ast-site-content-layout":"default","site-content-style":"default","site-sidebar-style":"default","ast-global-header-display":"","ast-banner-title-visibility":"","ast-main-header-display":"","ast-hfb-above-header-display":"","ast-hfb-below-header-display":"","ast-hfb-mobile-header-display":"","site-post-title":"","ast-breadcrumbs-content":"","ast-featured-img":"disabled","footer-sml-layout":"","theme-transparent-header-meta":"default","adv-header-id-meta":"","stick-header-meta":"default","header-above-stick-meta":"","header-main-stick-meta":"","header-below-stick-meta":"","astra-migrate-meta-layouts":"set","ast-page-background-enabled":"default","ast-page-background-meta":{"desktop":{"background-color":"","background-image":"","background-repeat":"repeat","background-position":"center center","background-size":"auto","background-attachment":"scroll","background-type":"","background-media":"","overlay-type":"","overlay-color":"","overlay-opacity":"","overlay-gradient":""},"tablet":{"background-color":"","background-image":"","background-repeat":"repeat","background-position":"center center","background-size":"auto","background-attachment":"scroll","background-type":"","background-media":"","overlay-type":"","overlay-color":"","overlay-opacity":"","overlay-gradient":""},"mobile":{"background-color":"","background-image":"","background-repeat":"repeat","background-position":"center center","background-size":"auto","background-attachment":"scroll","background-type":"","background-media":"","overlay-type":"","overlay-color":"","overlay-opacity":"","overlay-gradient":""}},"ast-content-background-meta":{"desktop":{"background-color":"var(--ast-global-color-5)","background-image":"","background-repeat":"repeat","background-position":"center center","background-size":"auto","background-attachment":"scroll","background-type":"","background-media":"","overlay-type":"","overlay-color":"","overlay-opacity":"","overlay-gradient":""},"tablet":{"background-color":"var(--ast-global-color-5)","background-image":"","background-repeat":"repeat","background-position":"center center","background-size":"auto","background-attachment":"scroll","background-type":"","background-media":"","overlay-type":"","overlay-color":"","overlay-opacity":"","overlay-gradient":""},"mobile":{"background-color":"var(--ast-global-color-5)","background-image":"","background-repeat":"repeat","background-position":"center center","background-size":"auto","background-attachment":"scroll","background-type":"","background-media":"","overlay-type":"","overlay-color":"","overlay-opacity":"","overlay-gradient":""}},"footnotes":""},"categories":[1518],"tags":[],"class_list":["post-14026","post","type-post","status-publish","format-standard","has-post-thumbnail","hentry","category-non-classifiee"],"qubely_featured_image_url":{"full":["https:\/\/www.thestorefront.com\/mag\/wp-content\/uploads\/2018\/05\/BlancG\u00e9n\u00e9rique.jpg",1202,1045,false],"landscape":["https:\/\/www.thestorefront.com\/mag\/wp-content\/uploads\/2018\/05\/BlancG\u00e9n\u00e9rique.jpg",863,750,false],"portraits":["https:\/\/www.thestorefront.com\/mag\/wp-content\/uploads\/2018\/05\/BlancG\u00e9n\u00e9rique.jpg",368,320,false],"thumbnail":["https:\/\/www.thestorefront.com\/mag\/wp-content\/uploads\/2018\/05\/BlancG\u00e9n\u00e9rique-150x150.jpg",150,150,true],"medium":["https:\/\/www.thestorefront.com\/mag\/wp-content\/uploads\/2018\/05\/BlancG\u00e9n\u00e9rique-300x261.jpg",300,261,true],"medium_large":["https:\/\/www.thestorefront.com\/mag\/wp-content\/uploads\/2018\/05\/BlancG\u00e9n\u00e9rique-768x668.jpg",768,668,true],"large":["https:\/\/www.thestorefront.com\/mag\/wp-content\/uploads\/2018\/05\/BlancG\u00e9n\u00e9rique-1024x890.jpg",1024,890,true],"1536x1536":["https:\/\/www.thestorefront.com\/mag\/wp-content\/uploads\/2018\/05\/BlancG\u00e9n\u00e9rique.jpg",1202,1045,false],"2048x2048":["https:\/\/www.thestorefront.com\/mag\/wp-content\/uploads\/2018\/05\/BlancG\u00e9n\u00e9rique.jpg",1202,1045,false],"qubely_landscape":["https:\/\/www.thestorefront.com\/mag\/wp-content\/uploads\/2018\/05\/BlancG\u00e9n\u00e9rique.jpg",863,750,false],"qubely_portrait":["https:\/\/www.thestorefront.com\/mag\/wp-content\/uploads\/2018\/05\/BlancG\u00e9n\u00e9rique.jpg",368,320,false],"qubely_thumbnail":["https:\/\/www.thestorefront.com\/mag\/wp-content\/uploads\/2018\/05\/BlancG\u00e9n\u00e9rique.jpg",115,100,false],"yarpp-thumbnail":["https:\/\/www.thestorefront.com\/mag\/wp-content\/uploads\/2018\/05\/BlancG\u00e9n\u00e9rique.jpg",120,104,false]},"qubely_author":{"display_name":"Sophie Mouton-Brisse","author_link":"https:\/\/www.thestorefront.com\/fr\/mag\/author\/sophie-mouton-brisse\/"},"qubely_comment":0,"qubely_category":"<a href=\"https:\/\/www.thestorefront.com\/fr\/mag\/category\/non-classifiee\/\" rel=\"category tag\">Non classifi\u00e9(e)<\/a>","qubely_excerpt":"Blanc minimaliste ou espace trop froid ? D\u00e9couvrez les avantages, les limites et les bonnes pratiques pour utiliser le blanc dans un pop-up store sans perdre en impact ni en personnalit\u00e9.","_links":{"self":[{"href":"https:\/\/www.thestorefront.com\/fr\/mag\/wp-json\/wp\/v2\/posts\/14026","targetHints":{"allow":["GET"]}}],"collection":[{"href":"https:\/\/www.thestorefront.com\/fr\/mag\/wp-json\/wp\/v2\/posts"}],"about":[{"href":"https:\/\/www.thestorefront.com\/fr\/mag\/wp-json\/wp\/v2\/types\/post"}],"author":[{"embeddable":true,"href":"https:\/\/www.thestorefront.com\/fr\/mag\/wp-json\/wp\/v2\/users\/33"}],"replies":[{"embeddable":true,"href":"https:\/\/www.thestorefront.com\/fr\/mag\/wp-json\/wp\/v2\/comments?post=14026"}],"version-history":[{"count":0,"href":"https:\/\/www.thestorefront.com\/fr\/mag\/wp-json\/wp\/v2\/posts\/14026\/revisions"}],"wp:featuredmedia":[{"embeddable":true,"href":"https:\/\/www.thestorefront.com\/fr\/mag\/wp-json\/wp\/v2\/media\/14027"}],"wp:attachment":[{"href":"https:\/\/www.thestorefront.com\/fr\/mag\/wp-json\/wp\/v2\/media?parent=14026"}],"wp:term":[{"taxonomy":"category","embeddable":true,"href":"https:\/\/www.thestorefront.com\/fr\/mag\/wp-json\/wp\/v2\/categories?post=14026"},{"taxonomy":"post_tag","embeddable":true,"href":"https:\/\/www.thestorefront.com\/fr\/mag\/wp-json\/wp\/v2\/tags?post=14026"}],"curies":[{"name":"wp","href":"https:\/\/api.w.org\/{rel}","templated":true}]}}