{"id":16841,"date":"2019-05-02T13:35:30","date_gmt":"2019-05-02T13:35:30","guid":{"rendered":"https:\/\/www.thestorefront.com\/mag\/?p=16841"},"modified":"2020-03-05T17:25:51","modified_gmt":"2020-03-05T17:25:51","slug":"7-for-all-mankind-de-los-angeles-a-paris","status":"publish","type":"post","link":"https:\/\/www.thestorefront.com\/fr\/mag\/7-for-all-mankind-de-los-angeles-a-paris\/","title":{"rendered":"7 For All Mankind, de Los Angeles \u00e0 Paris !"},"content":{"rendered":"<div id=\"ez-toc-container\" class=\"ez-toc-v2_0_73 counter-hierarchy ez-toc-counter ez-toc-grey ez-toc-container-direction\">\n<div class=\"ez-toc-title-container\">\n<p class=\"ez-toc-title\" style=\"cursor:inherit\">Table of Contents<\/p>\n<span class=\"ez-toc-title-toggle\"><a href=\"#\" class=\"ez-toc-pull-right ez-toc-btn ez-toc-btn-xs ez-toc-btn-default ez-toc-toggle\" aria-label=\"Toggle Table of Content\"><span class=\"ez-toc-js-icon-con\"><span class=\"\"><span class=\"eztoc-hide\" style=\"display:none;\">Toggle<\/span><span class=\"ez-toc-icon-toggle-span\"><svg style=\"fill: #000000;color:#000000\" xmlns=\"http:\/\/www.w3.org\/2000\/svg\" class=\"list-377408\" width=\"20px\" height=\"20px\" viewBox=\"0 0 24 24\" fill=\"none\"><path d=\"M6 6H4v2h2V6zm14 0H8v2h12V6zM4 11h2v2H4v-2zm16 0H8v2h12v-2zM4 16h2v2H4v-2zm16 0H8v2h12v-2z\" fill=\"currentColor\"><\/path><\/svg><svg style=\"fill: #000000;color:#000000\" class=\"arrow-unsorted-368013\" xmlns=\"http:\/\/www.w3.org\/2000\/svg\" width=\"10px\" height=\"10px\" viewBox=\"0 0 24 24\" version=\"1.2\" baseProfile=\"tiny\"><path d=\"M18.2 9.3l-6.2-6.3-6.2 6.3c-.2.2-.3.4-.3.7s.1.5.3.7c.2.2.4.3.7.3h11c.3 0 .5-.1.7-.3.2-.2.3-.5.3-.7s-.1-.5-.3-.7zM5.8 14.7l6.2 6.3 6.2-6.3c.2-.2.3-.5.3-.7s-.1-.5-.3-.7c-.2-.2-.4-.3-.7-.3h-11c-.3 0-.5.1-.7.3-.2.2-.3.5-.3.7s.1.5.3.7z\"\/><\/svg><\/span><\/span><\/span><\/a><\/span><\/div>\n<nav><ul class='ez-toc-list ez-toc-list-level-1 ' ><li class='ez-toc-page-1 ez-toc-heading-level-4'><a class=\"ez-toc-link ez-toc-heading-1\" href=\"https:\/\/www.thestorefront.com\/fr\/mag\/7-for-all-mankind-de-los-angeles-a-paris\/#Quelles_sont_les_raisons_qui_ont_pousse_7_For_All_Mankind_a_se_lancer_en_propre_dans_le_Marais\" title=\"Quelles sont les raisons qui ont pouss\u00e9\u00a07\u00a0For\u00a0All\u00a0Mankind\u00a0\u00e0 se lancer en propre dans le Marais ?\u00a0\">Quelles sont les raisons qui ont pouss\u00e9\u00a07\u00a0For\u00a0All\u00a0Mankind\u00a0\u00e0 se lancer en propre dans le Marais ?\u00a0<\/a><\/li><li class='ez-toc-page-1 ez-toc-heading-level-4'><a class=\"ez-toc-link ez-toc-heading-2\" href=\"https:\/\/www.thestorefront.com\/fr\/mag\/7-for-all-mankind-de-los-angeles-a-paris\/#Pourquoi_avoir_choisi_une_boutique_ephemere_et_non_perenne\" title=\"Pourquoi avoir choisi une boutique \u00e9ph\u00e9m\u00e8re et non p\u00e9renne ?\u00a0\">Pourquoi avoir choisi une boutique \u00e9ph\u00e9m\u00e8re et non p\u00e9renne ?\u00a0<\/a><\/li><li class='ez-toc-page-1 ez-toc-heading-level-4'><a class=\"ez-toc-link ez-toc-heading-3\" href=\"https:\/\/www.thestorefront.com\/fr\/mag\/7-for-all-mankind-de-los-angeles-a-paris\/#Quelles_sont_les_problematiques_rencontrees_par_une_marque_americaine_qui_se_lance_sur_le_marche_francais\" title=\"Quelles sont les probl\u00e9matiques rencontr\u00e9es par une marque am\u00e9ricaine qui se lance sur le march\u00e9 fran\u00e7ais ?\">Quelles sont les probl\u00e9matiques rencontr\u00e9es par une marque am\u00e9ricaine qui se lance sur le march\u00e9 fran\u00e7ais ?<\/a><\/li><li class='ez-toc-page-1 ez-toc-heading-level-4'><a class=\"ez-toc-link ez-toc-heading-4\" href=\"https:\/\/www.thestorefront.com\/fr\/mag\/7-for-all-mankind-de-los-angeles-a-paris\/#Finalement_quelles_sont_les_strategies_principales_de_7_for_all_Mankind_pour_seduire_les_parisiens\" title=\"Finalement, quelles sont les strat\u00e9gies principales de\u00a07\u00a0for\u00a0all\u00a0Mankind\u00a0pour s\u00e9duire les parisiens ?\u00a0\">Finalement, quelles sont les strat\u00e9gies principales de\u00a07\u00a0for\u00a0all\u00a0Mankind\u00a0pour s\u00e9duire les parisiens ?\u00a0<\/a><\/li><\/ul><\/nav><\/div>\n<div id=\"bsf_rt_marker\"><\/div><p class=\"p1\">Si la notori\u00e9t\u00e9 de la marque<b>\u00a07\u00a0For\u00a0All\u00a0Mankind<\/b>\u00a0n&rsquo;est plus \u00e0 prouver aux \u00c9tats-Unis et en particulier \u00e0 Los Angeles, d&rsquo;o\u00f9 elle est originaire, elle est encore \u00e0 construire dans les plus grandes villes du monde. Il \u00e9tait donc impensable pour la marque de r\u00e9f\u00e9rence en mati\u00e8re de jeans premium de passer \u00e0 c\u00f4t\u00e9 d&rsquo;un magasin en propre \u00e0 Paris, capitale de la mode. Pour se faire,\u00a07\u00a0For\u00a0All\u00a0Mankind\u00a0a ouvert cet \u00e9t\u00e9 un magnifique flagship au coeur du Haut Marais pour une dur\u00e9e d&rsquo;un an, afin de pouvoir tester et s\u00e9duire le march\u00e9 parisien. Retour sur cette initiative avec Chris Igwe, Pr\u00e9sident de Chris Igwe International et Co-fondateur de la soci\u00e9t\u00e9 MoreorLess dont le coeur de m\u00e9tier est l&rsquo;optimisation des strat\u00e9gies de d\u00e9veloppement des marques.<\/p>\n<h4 class=\"p1\"><span class=\"ez-toc-section\" id=\"Quelles_sont_les_raisons_qui_ont_pousse_7_For_All_Mankind_a_se_lancer_en_propre_dans_le_Marais\"><\/span><b>Quelles sont les raisons qui ont pouss\u00e9\u00a07\u00a0For\u00a0All\u00a0Mankind\u00a0\u00e0 se lancer en propre dans le Marais ?\u00a0<\/b><span class=\"ez-toc-section-end\"><\/span><\/h4>\n<ul class=\"ul1\">\n<li class=\"li1\"><b>Tester le march\u00e9 fran\u00e7ais<\/b> en s&rsquo;implantant \u00e0 Paris et plus pr\u00e9cis\u00e9ment au coeur du Haut Marais.<\/li>\n<li class=\"li1\"><b>Repositionner la marque<\/b> : redevenir la num\u00e9ro 1 en mati\u00e8re de denim premium, retrouver cette notori\u00e9t\u00e9.<\/li>\n<li class=\"li1\"><b>S&rsquo;entourer de marques tendances<\/b>, particuli\u00e8rement pr\u00e9sentes dans cette zone du Marais, pour s&rsquo;y associer dans l&rsquo;esprit des parisiens. Il \u00e9tait \u00e9galement important pour\u00a07 For\u00a0All\u00a0Mankind\u00a0d&rsquo;\u00eatre pr\u00e9sente dans un paysage de grosses marques internationales, fortement fr\u00e9quent\u00e9es.<\/li>\n<li class=\"li1\"><b>C\u00f4toyer une client\u00e8le qui leur ressemble<\/b>, dont ils s&rsquo;inspirent et qu&rsquo;ils esp\u00e8rent toucher. Le trafic est dense dans le Marais, cependant ce qui int\u00e9resse\u00a07\u00a0For\u00a0All\u00a0Mankind ce n&rsquo;est pas tant le trafic de quantit\u00e9, mais de qualit\u00e9.<\/li>\n<\/ul>\n<h4 class=\"p1\"><span class=\"ez-toc-section\" id=\"Pourquoi_avoir_choisi_une_boutique_ephemere_et_non_perenne\"><\/span><b>Pourquoi avoir choisi une boutique \u00e9ph\u00e9m\u00e8re et non p\u00e9renne ?\u00a0<\/b><span class=\"ez-toc-section-end\"><\/span><\/h4>\n<p class=\"p1\"><b>En attendant de trouver la boutique id\u00e9ale<\/b>,\u00a07\u00a0For\u00a0All\u00a0Mankind\u00a0a souhait\u00e9 tester le march\u00e9 et le quartier \u00e0 l&rsquo;aide d&rsquo;une boutique qui ne les engageraient pas sur la dur\u00e9e.<\/p>\n<p class=\"p1\"><b>Si on devait ranger par ordre de priorit\u00e9 les attentes de la marque\u00a07\u00a0For\u00a0All\u00a0Mankind\u00a0en ouvrant cette boutique \u00e9ph\u00e9m\u00e8re &#8230;\u00a0<\/b><\/p>\n<ul class=\"ul1\">\n<li class=\"li1\">Je dirais <b>brand awareness<\/b> en ce qui concerne la premi\u00e8re attente. La marque souhaite se faire conna\u00eetre des parisiens en s&rsquo;ins\u00e9rant physiquement dans leur vie quotidienne.<\/li>\n<li class=\"li1\">Ensuite viendrait l&rsquo;envie de <b>toucher une client\u00e8le haut de gamme<\/b>, qui aime se faire plaisir et qui aime les jeans fit, l&rsquo;ADN de la marque.<\/li>\n<li class=\"li1\">Enfin, il est difficile de passer \u00e0 c\u00f4t\u00e9, atteindre <b>la rentabilit\u00e9<\/b> !<\/li>\n<\/ul>\n<h4 class=\"p1\"><span class=\"ez-toc-section\" id=\"Quelles_sont_les_problematiques_rencontrees_par_une_marque_americaine_qui_se_lance_sur_le_marche_francais\"><\/span><b>Quelles sont les probl\u00e9matiques rencontr\u00e9es par une marque am\u00e9ricaine qui se lance sur le march\u00e9 fran\u00e7ais ?<\/b><span class=\"ez-toc-section-end\"><\/span><\/h4>\n<p class=\"p1\">Il y a en effet beaucoup de probl\u00e8mes et de points auxquels il faut faire attention.<\/p>\n<ul class=\"ul1\">\n<li class=\"li1\">Premi\u00e8rement, il est difficile pour une marque am\u00e9ricaine de <b>comprendre l&rsquo;organisation et la structure du march\u00e9 immobilier fran\u00e7ais.<\/b> Les baux commerciaux sont particuliers, la notion d&rsquo;un droit au bail leur \u00e9chappe, surtout son rachat&#8230; ils parviennent difficilement \u00e0 justifier un loyer aussi \u00e9lev\u00e9.<\/li>\n<li class=\"li1\"><b>Les honoraires<\/b> des agents immobiliers sont bien plus \u00e9lev\u00e9s qu&rsquo;ailleurs. En comparaison, on parle de 30% du loyer en France contre 10% du loyer au Royaume-Uni.<\/li>\n<li class=\"li1\">L&rsquo;\u00e9ternel d\u00e9bat de <b>Paris VS sa Province<\/b>. Une marque \u00e9trang\u00e8re a souvent du mal \u00e0 consid\u00e9rer qu&rsquo;une implantation en province peut \u00eatre plus strat\u00e9gique qu&rsquo;une pr\u00e9sence au coeur de la capitale.<\/li>\n<li class=\"li1\">Un autre d\u00e9bat&#8230; celui qui oppose le <b>Centre Commercial au Centre-Ville<\/b>. Beaucoup de marques sont n\u00e9es dans un centre commercial, mais en France, tous les centres ne pr\u00e9sentent pas la m\u00eame qualit\u00e9. C&rsquo;est encore un point qu&rsquo;il faut expliquer aux marques \u00e9trang\u00e8res.<\/li>\n<li class=\"li1\">Enfin, <b>le manque de disponibilit\u00e9 d&#8217;emplacements<\/b>. Trouver la boutique id\u00e9ale \u00e0 Paris est un vrai d\u00e9fi !<\/li>\n<\/ul>\n<h4 class=\"p1\"><span class=\"ez-toc-section\" id=\"Finalement_quelles_sont_les_strategies_principales_de_7_for_all_Mankind_pour_seduire_les_parisiens\"><\/span><b>Finalement, quelles sont les strat\u00e9gies principales de\u00a07\u00a0for\u00a0all\u00a0Mankind\u00a0pour s\u00e9duire les parisiens ?\u00a0<\/b><span class=\"ez-toc-section-end\"><\/span><\/h4>\n<p class=\"p1\">La localisation est un tr\u00e8s bon argument : Le Marais. Ensuite, je dirais qu&rsquo;une boutique physique permet aux clients ou futurs clients d&rsquo;essayer les jeans pour vite les adopter. Les conseillers de vente sont l\u00e0 pour leur faire constater le confort des jeans, pour faire ressortir leur c\u00f4t\u00e9 tendance&#8230; le produit en lui-m\u00eame est une arme de s\u00e9duction pour\u00a07\u00a0For\u00a0AllMankind\u00a0!<\/p>\n<p class=\"p2\"><span class=\"s2\"><a href=\"https:\/\/www.thestorefront.com\/fr\/\"><b>Vous aussi, trouvez l&rsquo;espace id\u00e9al \u00e0 louer sur une courte dur\u00e9e \u00e0 Paris et dans le monde entier !<\/b><\/a><\/span><\/p>\n","protected":false},"excerpt":{"rendered":"<p>Si la notori\u00e9t\u00e9 de la marque\u00a07\u00a0For\u00a0All\u00a0Mankind\u00a0n&rsquo;est plus \u00e0 prouver aux \u00c9tats-Unis et en particulier \u00e0 Los Angeles, d&rsquo;o\u00f9 elle est originaire, elle est encore \u00e0 construire dans les plus grandes villes du monde. Il \u00e9tait donc impensable pour la marque de r\u00e9f\u00e9rence en mati\u00e8re de jeans premium de passer \u00e0 c\u00f4t\u00e9 d&rsquo;un magasin en propre [&hellip;]<\/p>\n","protected":false},"author":55,"featured_media":16843,"comment_status":"closed","ping_status":"closed","sticky":false,"template":"","format":"standard","meta":{"qubely_global_settings":"","qubely_interactions":"","content-type":"","inline_featured_image":false,"site-sidebar-layout":"default","site-content-layout":"","ast-site-content-layout":"default","site-content-style":"default","site-sidebar-style":"default","ast-global-header-display":"","ast-banner-title-visibility":"","ast-main-header-display":"","ast-hfb-above-header-display":"","ast-hfb-below-header-display":"","ast-hfb-mobile-header-display":"","site-post-title":"","ast-breadcrumbs-content":"","ast-featured-img":"disabled","footer-sml-layout":"","theme-transparent-header-meta":"","adv-header-id-meta":"","stick-header-meta":"","header-above-stick-meta":"","header-main-stick-meta":"","header-below-stick-meta":"","astra-migrate-meta-layouts":"default","ast-page-background-enabled":"default","ast-page-background-meta":{"desktop":{"background-color":"","background-image":"","background-repeat":"repeat","background-position":"center center","background-size":"auto","background-attachment":"scroll","background-type":"","background-media":"","overlay-type":"","overlay-color":"","overlay-opacity":"","overlay-gradient":""},"tablet":{"background-color":"","background-image":"","background-repeat":"repeat","background-position":"center center","background-size":"auto","background-attachment":"scroll","background-type":"","background-media":"","overlay-type":"","overlay-color":"","overlay-opacity":"","overlay-gradient":""},"mobile":{"background-color":"","background-image":"","background-repeat":"repeat","background-position":"center center","background-size":"auto","background-attachment":"scroll","background-type":"","background-media":"","overlay-type":"","overlay-color":"","overlay-opacity":"","overlay-gradient":""}},"ast-content-background-meta":{"desktop":{"background-color":"var(--ast-global-color-5)","background-image":"","background-repeat":"repeat","background-position":"center center","background-size":"auto","background-attachment":"scroll","background-type":"","background-media":"","overlay-type":"","overlay-color":"","overlay-opacity":"","overlay-gradient":""},"tablet":{"background-color":"var(--ast-global-color-5)","background-image":"","background-repeat":"repeat","background-position":"center center","background-size":"auto","background-attachment":"scroll","background-type":"","background-media":"","overlay-type":"","overlay-color":"","overlay-opacity":"","overlay-gradient":""},"mobile":{"background-color":"var(--ast-global-color-5)","background-image":"","background-repeat":"repeat","background-position":"center center","background-size":"auto","background-attachment":"scroll","background-type":"","background-media":"","overlay-type":"","overlay-color":"","overlay-opacity":"","overlay-gradient":""}},"footnotes":""},"categories":[1620,2471],"tags":[2503,1899,2502,1701,1971],"class_list":["post-16841","post","type-post","status-publish","format-standard","has-post-thumbnail","hentry","category-success-stories-fr","category-success-stories-france-fr","tag-7-for-all-mankind-fr","tag-espace-ephemere-fr","tag-flasghip","tag-los-angeles-fr","tag-success-story-fr"],"qubely_featured_image_url":{"full":["https:\/\/www.thestorefront.com\/mag\/wp-content\/uploads\/2019\/01\/7-for-all-mankind-le-marais.jpg",4000,2667,false],"landscape":["https:\/\/www.thestorefront.com\/mag\/wp-content\/uploads\/2019\/01\/7-for-all-mankind-le-marais.jpg",1125,750,false],"portraits":["https:\/\/www.thestorefront.com\/mag\/wp-content\/uploads\/2019\/01\/7-for-all-mankind-le-marais.jpg",480,320,false],"thumbnail":["https:\/\/www.thestorefront.com\/mag\/wp-content\/uploads\/2019\/01\/7-for-all-mankind-le-marais-150x150.jpg",150,150,true],"medium":["https:\/\/www.thestorefront.com\/mag\/wp-content\/uploads\/2019\/01\/7-for-all-mankind-le-marais-300x200.jpg",300,200,true],"medium_large":["https:\/\/www.thestorefront.com\/mag\/wp-content\/uploads\/2019\/01\/7-for-all-mankind-le-marais-768x512.jpg",768,512,true],"large":["https:\/\/www.thestorefront.com\/mag\/wp-content\/uploads\/2019\/01\/7-for-all-mankind-le-marais-1024x683.jpg",1024,683,true],"1536x1536":["https:\/\/www.thestorefront.com\/mag\/wp-content\/uploads\/2019\/01\/7-for-all-mankind-le-marais.jpg",1536,1024,false],"2048x2048":["https:\/\/www.thestorefront.com\/mag\/wp-content\/uploads\/2019\/01\/7-for-all-mankind-le-marais.jpg",2048,1366,false],"qubely_landscape":["https:\/\/www.thestorefront.com\/mag\/wp-content\/uploads\/2019\/01\/7-for-all-mankind-le-marais.jpg",1125,750,false],"qubely_portrait":["https:\/\/www.thestorefront.com\/mag\/wp-content\/uploads\/2019\/01\/7-for-all-mankind-le-marais.jpg",480,320,false],"qubely_thumbnail":["https:\/\/www.thestorefront.com\/mag\/wp-content\/uploads\/2019\/01\/7-for-all-mankind-le-marais.jpg",140,93,false],"yarpp-thumbnail":["https:\/\/www.thestorefront.com\/mag\/wp-content\/uploads\/2019\/01\/7-for-all-mankind-le-marais.jpg",120,80,false]},"qubely_author":{"display_name":"Zoe Hopgood","author_link":"https:\/\/www.thestorefront.com\/fr\/mag\/author\/zoe-hopgood\/"},"qubely_comment":0,"qubely_category":"<a href=\"https:\/\/www.thestorefront.com\/fr\/mag\/category\/success-stories-fr\/\" rel=\"category tag\">Success Stories<\/a> <a href=\"https:\/\/www.thestorefront.com\/fr\/mag\/category\/success-stories-france-fr\/\" rel=\"category tag\">Success Stories France<\/a>","qubely_excerpt":"Si la notori\u00e9t\u00e9 de la marque\u00a07\u00a0For\u00a0All\u00a0Mankind\u00a0n&rsquo;est plus \u00e0 prouver aux \u00c9tats-Unis et en particulier \u00e0 Los Angeles, d&rsquo;o\u00f9 elle est originaire, elle est encore \u00e0 construire dans les plus grandes villes du monde. Il \u00e9tait donc impensable pour la marque de r\u00e9f\u00e9rence en mati\u00e8re de jeans premium de passer \u00e0 c\u00f4t\u00e9 d&rsquo;un magasin en propre\u2026","_links":{"self":[{"href":"https:\/\/www.thestorefront.com\/fr\/mag\/wp-json\/wp\/v2\/posts\/16841","targetHints":{"allow":["GET"]}}],"collection":[{"href":"https:\/\/www.thestorefront.com\/fr\/mag\/wp-json\/wp\/v2\/posts"}],"about":[{"href":"https:\/\/www.thestorefront.com\/fr\/mag\/wp-json\/wp\/v2\/types\/post"}],"author":[{"embeddable":true,"href":"https:\/\/www.thestorefront.com\/fr\/mag\/wp-json\/wp\/v2\/users\/55"}],"replies":[{"embeddable":true,"href":"https:\/\/www.thestorefront.com\/fr\/mag\/wp-json\/wp\/v2\/comments?post=16841"}],"version-history":[{"count":0,"href":"https:\/\/www.thestorefront.com\/fr\/mag\/wp-json\/wp\/v2\/posts\/16841\/revisions"}],"wp:featuredmedia":[{"embeddable":true,"href":"https:\/\/www.thestorefront.com\/fr\/mag\/wp-json\/wp\/v2\/media\/16843"}],"wp:attachment":[{"href":"https:\/\/www.thestorefront.com\/fr\/mag\/wp-json\/wp\/v2\/media?parent=16841"}],"wp:term":[{"taxonomy":"category","embeddable":true,"href":"https:\/\/www.thestorefront.com\/fr\/mag\/wp-json\/wp\/v2\/categories?post=16841"},{"taxonomy":"post_tag","embeddable":true,"href":"https:\/\/www.thestorefront.com\/fr\/mag\/wp-json\/wp\/v2\/tags?post=16841"}],"curies":[{"name":"wp","href":"https:\/\/api.w.org\/{rel}","templated":true}]}}