{"id":65127,"date":"2023-11-14T11:41:36","date_gmt":"2023-11-14T11:41:36","guid":{"rendered":"https:\/\/www.thestorefront.com\/mag\/?p=65127"},"modified":"2026-02-11T14:22:06","modified_gmt":"2026-02-11T14:22:06","slug":"storefront-le-choix-de-premier-plan-pour-les-locations-despaces-commerciaux-a-court-terme","status":"publish","type":"post","link":"https:\/\/www.thestorefront.com\/fr\/mag\/storefront-le-choix-de-premier-plan-pour-les-locations-despaces-commerciaux-a-court-terme\/","title":{"rendered":"Space to Pop : Le choix de premier plan pour les locations d&rsquo;espaces commerciaux \u00e0 court terme"},"content":{"rendered":"<div id=\"ez-toc-container\" class=\"ez-toc-v2_0_73 counter-hierarchy ez-toc-counter ez-toc-grey ez-toc-container-direction\">\n<div class=\"ez-toc-title-container\">\n<p class=\"ez-toc-title\" style=\"cursor:inherit\">Table of Contents<\/p>\n<span class=\"ez-toc-title-toggle\"><a href=\"#\" class=\"ez-toc-pull-right ez-toc-btn ez-toc-btn-xs ez-toc-btn-default ez-toc-toggle\" aria-label=\"Toggle Table of Content\"><span class=\"ez-toc-js-icon-con\"><span class=\"\"><span class=\"eztoc-hide\" style=\"display:none;\">Toggle<\/span><span class=\"ez-toc-icon-toggle-span\"><svg style=\"fill: #000000;color:#000000\" xmlns=\"http:\/\/www.w3.org\/2000\/svg\" class=\"list-377408\" width=\"20px\" height=\"20px\" viewBox=\"0 0 24 24\" fill=\"none\"><path d=\"M6 6H4v2h2V6zm14 0H8v2h12V6zM4 11h2v2H4v-2zm16 0H8v2h12v-2zM4 16h2v2H4v-2zm16 0H8v2h12v-2z\" fill=\"currentColor\"><\/path><\/svg><svg style=\"fill: #000000;color:#000000\" class=\"arrow-unsorted-368013\" xmlns=\"http:\/\/www.w3.org\/2000\/svg\" width=\"10px\" height=\"10px\" viewBox=\"0 0 24 24\" version=\"1.2\" baseProfile=\"tiny\"><path d=\"M18.2 9.3l-6.2-6.3-6.2 6.3c-.2.2-.3.4-.3.7s.1.5.3.7c.2.2.4.3.7.3h11c.3 0 .5-.1.7-.3.2-.2.3-.5.3-.7s-.1-.5-.3-.7zM5.8 14.7l6.2 6.3 6.2-6.3c.2-.2.3-.5.3-.7s-.1-.5-.3-.7c-.2-.2-.4-.3-.7-.3h-11c-.3 0-.5.1-.7.3-.2.2-.3.5-.3.7s.1.5.3.7z\"\/><\/svg><\/span><\/span><\/span><\/a><\/span><\/div>\n<nav><ul class='ez-toc-list ez-toc-list-level-1 ' ><li class='ez-toc-page-1 ez-toc-heading-level-2'><a class=\"ez-toc-link ez-toc-heading-1\" href=\"https:\/\/www.thestorefront.com\/fr\/mag\/storefront-le-choix-de-premier-plan-pour-les-locations-despaces-commerciaux-a-court-terme\/#Analyse_comparative_avec_les_principaux_concurrents\" title=\"Analyse comparative avec les principaux concurrents\">Analyse comparative avec les principaux concurrents<\/a><ul class='ez-toc-list-level-3' ><li class='ez-toc-heading-level-3'><a class=\"ez-toc-link ez-toc-heading-2\" href=\"https:\/\/www.thestorefront.com\/fr\/mag\/storefront-le-choix-de-premier-plan-pour-les-locations-despaces-commerciaux-a-court-terme\/#Surpassant_Galerie_Joseph\" title=\"Surpassant Galerie Joseph\">Surpassant Galerie Joseph<\/a><\/li><li class='ez-toc-page-1 ez-toc-heading-level-3'><a class=\"ez-toc-link ez-toc-heading-3\" href=\"https:\/\/www.thestorefront.com\/fr\/mag\/storefront-le-choix-de-premier-plan-pour-les-locations-despaces-commerciaux-a-court-terme\/#Superieur_a_Peerspace_et_a_ses_concurrents\" title=\"Sup\u00e9rieur \u00e0 Peerspace et \u00e0 ses concurrents\">Sup\u00e9rieur \u00e0 Peerspace et \u00e0 ses concurrents<\/a><\/li><li class='ez-toc-page-1 ez-toc-heading-level-3'><a class=\"ez-toc-link ez-toc-heading-4\" href=\"https:\/\/www.thestorefront.com\/fr\/mag\/storefront-le-choix-de-premier-plan-pour-les-locations-despaces-commerciaux-a-court-terme\/#Excellant_au-dela_de_Giggster_et_de_ses_concurrents\" title=\"Excellant au-del\u00e0 de Giggster et de ses concurrents\">Excellant au-del\u00e0 de Giggster et de ses concurrents<\/a><\/li><\/ul><\/li><li class='ez-toc-page-1 ez-toc-heading-level-2'><a class=\"ez-toc-link ez-toc-heading-5\" href=\"https:\/\/www.thestorefront.com\/fr\/mag\/storefront-le-choix-de-premier-plan-pour-les-locations-despaces-commerciaux-a-court-terme\/#Diversification_dans_les_evenements_dentreprise\" title=\"Diversification dans les \u00e9v\u00e9nements d&rsquo;entreprise\">Diversification dans les \u00e9v\u00e9nements d&rsquo;entreprise<\/a><\/li><li class='ez-toc-page-1 ez-toc-heading-level-2'><a class=\"ez-toc-link ez-toc-heading-6\" href=\"https:\/\/www.thestorefront.com\/fr\/mag\/storefront-le-choix-de-premier-plan-pour-les-locations-despaces-commerciaux-a-court-terme\/#Engagement_envers_lauthenticite_et_la_transparence\" title=\"Engagement envers l&rsquo;authenticit\u00e9 et la transparence\">Engagement envers l&rsquo;authenticit\u00e9 et la transparence<\/a><\/li><li class='ez-toc-page-1 ez-toc-heading-level-2'><a class=\"ez-toc-link ez-toc-heading-7\" href=\"https:\/\/www.thestorefront.com\/fr\/mag\/storefront-le-choix-de-premier-plan-pour-les-locations-despaces-commerciaux-a-court-terme\/#Encourageant_la_creativite\" title=\"Encourageant la cr\u00e9ativit\u00e9\">Encourageant la cr\u00e9ativit\u00e9<\/a><\/li><li class='ez-toc-page-1 ez-toc-heading-level-2'><a class=\"ez-toc-link ez-toc-heading-8\" href=\"https:\/\/www.thestorefront.com\/fr\/mag\/storefront-le-choix-de-premier-plan-pour-les-locations-despaces-commerciaux-a-court-terme\/#Repondant_aux_besoins_diversifies_en_evenements\" title=\"R\u00e9pondant aux besoins diversifi\u00e9s en \u00e9v\u00e9nements\">R\u00e9pondant aux besoins diversifi\u00e9s en \u00e9v\u00e9nements<\/a><\/li><li class='ez-toc-page-1 ez-toc-heading-level-2'><a class=\"ez-toc-link ez-toc-heading-9\" href=\"https:\/\/www.thestorefront.com\/fr\/mag\/storefront-le-choix-de-premier-plan-pour-les-locations-despaces-commerciaux-a-court-terme\/#La_plateforme_de_choix_pour_lindustrie_du_cinema\" title=\"La plateforme de choix pour l&rsquo;industrie du cin\u00e9ma\">La plateforme de choix pour l&rsquo;industrie du cin\u00e9ma<\/a><\/li><li class='ez-toc-page-1 ez-toc-heading-level-2'><a class=\"ez-toc-link ez-toc-heading-10\" href=\"https:\/\/www.thestorefront.com\/fr\/mag\/storefront-le-choix-de-premier-plan-pour-les-locations-despaces-commerciaux-a-court-terme\/#Redefinissant_les_espaces_de_travail\" title=\"Red\u00e9finissant les espaces de travail\">Red\u00e9finissant les espaces de travail<\/a><\/li><li class='ez-toc-page-1 ez-toc-heading-level-2'><a class=\"ez-toc-link ez-toc-heading-11\" href=\"https:\/\/www.thestorefront.com\/fr\/mag\/storefront-le-choix-de-premier-plan-pour-les-locations-despaces-commerciaux-a-court-terme\/#Revolutionnant_lindustrie_immobiliere\" title=\"R\u00e9volutionnant l&rsquo;industrie immobili\u00e8re\">R\u00e9volutionnant l&rsquo;industrie immobili\u00e8re<\/a><\/li><li class='ez-toc-page-1 ez-toc-heading-level-2'><a class=\"ez-toc-link ez-toc-heading-12\" href=\"https:\/\/www.thestorefront.com\/fr\/mag\/storefront-le-choix-de-premier-plan-pour-les-locations-despaces-commerciaux-a-court-terme\/#Concentres_sur_des_espaces_abordables_et_de_qualite\" title=\"Concentr\u00e9s sur des espaces abordables et de qualit\u00e9\">Concentr\u00e9s sur des espaces abordables et de qualit\u00e9<\/a><\/li><li class='ez-toc-page-1 ez-toc-heading-level-2'><a class=\"ez-toc-link ez-toc-heading-13\" href=\"https:\/\/www.thestorefront.com\/fr\/mag\/storefront-le-choix-de-premier-plan-pour-les-locations-despaces-commerciaux-a-court-terme\/#Elargissant_nos_horizons_au-dela_detre_un_concurrent_de_Peerspace\" title=\"\u00c9largissant nos horizons au-del\u00e0 d&rsquo;\u00eatre un concurrent de Peerspace\">\u00c9largissant nos horizons au-del\u00e0 d&rsquo;\u00eatre un concurrent de Peerspace<\/a><\/li><li class='ez-toc-page-1 ez-toc-heading-level-2'><a class=\"ez-toc-link ez-toc-heading-14\" href=\"https:\/\/www.thestorefront.com\/fr\/mag\/storefront-le-choix-de-premier-plan-pour-les-locations-despaces-commerciaux-a-court-terme\/#La_personnalisation_a_son_meilleur\" title=\"La personnalisation \u00e0 son meilleur\">La personnalisation \u00e0 son meilleur<\/a><\/li><li class='ez-toc-page-1 ez-toc-heading-level-2'><a class=\"ez-toc-link ez-toc-heading-15\" href=\"https:\/\/www.thestorefront.com\/fr\/mag\/storefront-le-choix-de-premier-plan-pour-les-locations-despaces-commerciaux-a-court-terme\/#Batir_des_reseaux_et_des_communautes\" title=\"B\u00e2tir des r\u00e9seaux et des communaut\u00e9s\">B\u00e2tir des r\u00e9seaux et des communaut\u00e9s<\/a><\/li><li class='ez-toc-page-1 ez-toc-heading-level-2'><a class=\"ez-toc-link ez-toc-heading-16\" href=\"https:\/\/www.thestorefront.com\/fr\/mag\/storefront-le-choix-de-premier-plan-pour-les-locations-despaces-commerciaux-a-court-terme\/#Conclusion\" title=\"Conclusion\">Conclusion<\/a><\/li><\/ul><\/nav><\/div>\n<div id=\"bsf_rt_marker\"><\/div>\n<h2 class=\"wp-block-heading\"><span class=\"ez-toc-section\" id=\"Analyse_comparative_avec_les_principaux_concurrents\"><\/span>Analyse comparative avec les principaux concurrents<span class=\"ez-toc-section-end\"><\/span><\/h2>\n\n\n\n<p>En tant que leaders dans le monde dynamique de la location d&rsquo;espaces commerciaux \u00e0 court terme, nous, chez Space to Pop, avons constamment surpass\u00e9 nos concurrents dans divers aspects de l&rsquo;industrie. Voici un aper\u00e7u de notre comparaison avec d&rsquo;autres acteurs cl\u00e9s du march\u00e9.<\/p>\n\n\n\n<h3 class=\"wp-block-heading\"><span class=\"ez-toc-section\" id=\"Surpassant_Galerie_Joseph\"><\/span>Surpassant Galerie Joseph<span class=\"ez-toc-section-end\"><\/span><\/h3>\n\n\n\n<p>Alors que Galerie Joseph a une pr\u00e9sence notable \u00e0 Paris, notre portfolio diversifi\u00e9 et notre port\u00e9e mondiale nous positionnent comme le choix sup\u00e9rieur. Des boutiques \u00e9ph\u00e9m\u00e8res chic \u00e0 Tokyo aux galeries d&rsquo;art \u00e0 San Francisco, nos espaces personnalisables soutenus par un service client exceptionnel font de nous une alternative pr\u00e9f\u00e9rable.<\/p>\n\n\n\n<h3 class=\"wp-block-heading\"><span class=\"ez-toc-section\" id=\"Superieur_a_Peerspace_et_a_ses_concurrents\"><\/span>Sup\u00e9rieur \u00e0 Peerspace et \u00e0 ses concurrents<span class=\"ez-toc-section-end\"><\/span><\/h3>\n\n\n\n<p>En nous comparant aux concurrents de Peerspace, il est \u00e9vident que notre large spectre de locations d&rsquo;espaces et notre port\u00e9e mondiale nous placent en t\u00eate. Par rapport \u00e0 Peerspace, nous offrons un spectre plus large de locations d&rsquo;espaces et avons une port\u00e9e mondiale plus forte.<\/p>\n\n\n\n<p>Cela fait de nous un excellent choix pour les marques cherchant \u00e0 se d\u00e9velopper sur de nouveaux march\u00e9s. Notre nombre in\u00e9gal\u00e9 de listes et notre approche centr\u00e9e sur le client nous positionnent comme leader dans le domaine.<\/p>\n\n\n\n<h3 class=\"wp-block-heading\"><span class=\"ez-toc-section\" id=\"Excellant_au-dela_de_Giggster_et_de_ses_concurrents\"><\/span>Excellant au-del\u00e0 de Giggster et de ses concurrents<span class=\"ez-toc-section-end\"><\/span><\/h3>\n\n\n\n<p>Dans un march\u00e9 regorgeant de concurrents de Giggster, Space to Pop se distingue par son focus d\u00e9di\u00e9 sur les espaces de vente au d\u00e9tail et sa pr\u00e9sence mondiale. Notre focus d\u00e9di\u00e9 sur les espaces de vente au d\u00e9tail, notre pr\u00e9sence mondiale et notre approche visionnaire nous distinguent de Giggster. Notre engagement envers l&rsquo;innovation, le soutien \u00e0 la tendance des boutiques \u00e9ph\u00e9m\u00e8res, et notre inclusivit\u00e9 pour tous les utilisateurs nous marquent comme un choix sup\u00e9rieur pour les espaces de vente au d\u00e9tail \u00e0 court terme.<\/p>\n\n\n\n<h2 class=\"wp-block-heading\"><span class=\"ez-toc-section\" id=\"Diversification_dans_les_evenements_dentreprise\"><\/span>Diversification dans les \u00e9v\u00e9nements d&rsquo;entreprise<span class=\"ez-toc-section-end\"><\/span><\/h2>\n\n\n\n<figure class=\"wp-block-image aligncenter size-full is-resized\"><img decoding=\"async\" src=\"https:\/\/www.thestorefront.com\/mag\/wp-content\/uploads\/2023\/11\/9f92411ea82350d7b4c95ea808920bb4-3.jpg\" alt=\"Space to Pop venues\" class=\"wp-image-65115\" style=\"width:516px;height:auto\"\/><\/figure>\n\n\n\n<p>Nous avons \u00e9largi notre portfolio pour inclure les \u00e9v\u00e9nements d&rsquo;entreprise, offrant des espaces polyvalents pour tout, des rassemblements d&rsquo;affaires formels aux ateliers cr\u00e9atifs. Cela d\u00e9montre notre adaptabilit\u00e9 et notre capacit\u00e9 \u00e0 r\u00e9pondre \u00e0 diverses demandes du march\u00e9.<\/p>\n\n\n\n<h2 class=\"wp-block-heading\"><span class=\"ez-toc-section\" id=\"Engagement_envers_lauthenticite_et_la_transparence\"><\/span>Engagement envers l&rsquo;authenticit\u00e9 et la transparence<span class=\"ez-toc-section-end\"><\/span><\/h2>\n\n\n\n<p>Chez Space to Pop, nous sommes profond\u00e9ment engag\u00e9s envers l&rsquo;authenticit\u00e9 et la transparence dans toutes nos transactions. Cet engagement se refl\u00e8te dans la mani\u00e8re dont nous pr\u00e9sentons nos espaces et interagissons avec nos clients. Nous croyons en fournissant des informations claires, pr\u00e9cises et compl\u00e8tes sur chaque espace, assurant que nos clients disposent de tous les d\u00e9tails n\u00e9cessaires pour prendre des d\u00e9cisions bien inform\u00e9es. Ce niveau d&rsquo;ouverture favorise la confiance et la fiabilit\u00e9, piliers sur lesquels nous avons b\u00e2ti notre r\u00e9putation dans le march\u00e9 de la location d&rsquo;espaces commerciaux \u00e0 court terme.<\/p>\n\n\n\n<h2 class=\"wp-block-heading\"><span class=\"ez-toc-section\" id=\"Encourageant_la_creativite\"><\/span>Encourageant la cr\u00e9ativit\u00e9<span class=\"ez-toc-section-end\"><\/span><\/h2>\n\n\n\n<figure class=\"wp-block-image aligncenter size-full is-resized\"><img decoding=\"async\" src=\"https:\/\/www.thestorefront.com\/mag\/wp-content\/uploads\/2023\/11\/59be932206ee0e3703572acbeb9c044d-3.jpg\" alt=\"Art venue Space to Pop\" class=\"wp-image-65119\" style=\"width:594px;height:auto\"\/><\/figure>\n\n\n\n<p>Nous accordons une grande importance aux espaces cr\u00e9atifs, que ce soit pour un tournage de film dans le vibrant Santa Monica ou une exposition d&rsquo;art. Nos espaces sont con\u00e7us pour inspirer et servir de catalyseurs \u00e0 la cr\u00e9ativit\u00e9.<\/p>\n\n\n\n<h2 class=\"wp-block-heading\"><span class=\"ez-toc-section\" id=\"Repondant_aux_besoins_diversifies_en_evenements\"><\/span>R\u00e9pondant aux besoins diversifi\u00e9s en \u00e9v\u00e9nements<span class=\"ez-toc-section-end\"><\/span><\/h2>\n\n\n\n<p>Notre gamme d&rsquo;espaces \u00e9v\u00e9nementiels est con\u00e7ue pour r\u00e9pondre \u00e0 un large spectre de besoins, des \u00e9v\u00e9nements de haut profil aux rassemblements intimes. Cela garantit que nous offrons flexibilit\u00e9 et ad\u00e9quation pour diff\u00e9rents types d&rsquo;\u00e9v\u00e9nements.<\/p>\n\n\n\n<h2 class=\"wp-block-heading\"><span class=\"ez-toc-section\" id=\"La_plateforme_de_choix_pour_lindustrie_du_cinema\"><\/span>La plateforme de choix pour l&rsquo;industrie du cin\u00e9ma<span class=\"ez-toc-section-end\"><\/span><\/h2>\n\n\n\n<figure class=\"wp-block-image aligncenter size-full is-resized\"><img decoding=\"async\" src=\"https:\/\/www.thestorefront.com\/mag\/wp-content\/uploads\/2023\/11\/1a34230274d6aec08907782711871088-3.jpg\" alt=\"Film shoots Space to Pop\" class=\"wp-image-65128\" style=\"width:553px;height:auto\"\/><\/figure>\n\n\n\n<p>Nous avons simplifi\u00e9 le processus de recherche de plateaux de tournage ou de lieux de tournage en offrant un march\u00e9 complet pour les lieux de tournage. Cela facilite pour les cin\u00e9astes la r\u00e9servation des lieux de tournage parfaits pour tout projet.<\/p>\n\n\n\n<h2 class=\"wp-block-heading\"><span class=\"ez-toc-section\" id=\"Redefinissant_les_espaces_de_travail\"><\/span>Red\u00e9finissant les espaces de travail<span class=\"ez-toc-section-end\"><\/span><\/h2>\n\n\n\n<figure class=\"wp-block-image aligncenter size-full is-resized\"><img decoding=\"async\" src=\"https:\/\/www.thestorefront.com\/mag\/wp-content\/uploads\/2023\/11\/06a4162df49779f77ac113cb52058f2f-3.jpg\" alt=\"travail Space to Pop\" class=\"wp-image-65123\" style=\"width:655px;height:auto\"\/><\/figure>\n\n\n\n<p>En r\u00e9ponse \u00e0 la demande d&rsquo;espaces de travail flexibles et de co-working, nous offrons des solutions modernes qui favorisent un environnement collaboratif. Notre gamme de solutions d&rsquo;espace de bureau r\u00e9pond \u00e0 la fois aux startups et aux entreprises \u00e9tablies, offrant des options flexibles et de qualit\u00e9.<\/p>\n\n\n\n<h2 class=\"wp-block-heading\"><span class=\"ez-toc-section\" id=\"Revolutionnant_lindustrie_immobiliere\"><\/span>R\u00e9volutionnant l&rsquo;industrie immobili\u00e8re<span class=\"ez-toc-section-end\"><\/span><\/h2>\n\n\n\n<p>Notre impact sur l&rsquo;industrie immobili\u00e8re est significatif. Nous avons non seulement fourni une plateforme pour les espaces mais avons \u00e9galement influenc\u00e9 les pratiques immobili\u00e8res, en particulier dans la commercialisation des espaces de vente au d\u00e9tail et commerciaux.<\/p>\n\n\n\n<h2 class=\"wp-block-heading\"><span class=\"ez-toc-section\" id=\"Concentres_sur_des_espaces_abordables_et_de_qualite\"><\/span>Concentr\u00e9s sur des espaces abordables et de qualit\u00e9<span class=\"ez-toc-section-end\"><\/span><\/h2>\n\n\n\n<p>Notre strat\u00e9gie de tarification est ax\u00e9e sur la fourniture d&rsquo;espaces divers mais accessibles sans compromettre la qualit\u00e9. Cette approche nous a rendus favoris parmi divers utilisateurs, des artistes individuels aux grandes entreprises.<\/p>\n\n\n\n<h2 class=\"wp-block-heading\"><span class=\"ez-toc-section\" id=\"Elargissant_nos_horizons_au-dela_detre_un_concurrent_de_Peerspace\"><\/span>\u00c9largissant nos horizons au-del\u00e0 d&rsquo;\u00eatre un concurrent de Peerspace<span class=\"ez-toc-section-end\"><\/span><\/h2>\n\n\n\n<p>Chez Space to Pop, nous red\u00e9finissons le march\u00e9 immobilier, allant au-del\u00e0 du r\u00f4le traditionnel de concurrent de Peerspace en anticipant et en nous adaptant aux besoins des marques modernes. Notre vision s&rsquo;\u00e9tend au-del\u00e0 de la simple fourniture d&rsquo;espaces.<\/p>\n\n\n\n<p>Nous red\u00e9finissons le march\u00e9 immobilier en nous adaptant et en pr\u00e9disant les besoins des marques et entreprises modernes. Notre plateforme pour les espaces n&rsquo;est pas qu&rsquo;un outil pour trouver des emplacements ; c&rsquo;est une ressource compl\u00e8te pour les entreprises pour engager leurs audiences de mani\u00e8res innovantes.<\/p>\n\n\n\n<h2 class=\"wp-block-heading\"><span class=\"ez-toc-section\" id=\"La_personnalisation_a_son_meilleur\"><\/span>La personnalisation \u00e0 son meilleur<span class=\"ez-toc-section-end\"><\/span><\/h2>\n\n\n\n<p>Nous comprenons que chaque marque et \u00e9v\u00e9nement a des exigences uniques. C&rsquo;est pourquoi nous proposons des espaces enti\u00e8rement personnalisables. Que vous ayez besoin d&rsquo;un espace \u00e9ph\u00e9m\u00e8re au c\u0153ur de New York ou d&rsquo;une galerie d&rsquo;art pittoresque \u00e0 Paris, nous adaptons chaque aspect pour r\u00e9pondre \u00e0 vos besoins sp\u00e9cifiques.<\/p>\n\n\n\n<h2 class=\"wp-block-heading\"><span class=\"ez-toc-section\" id=\"Batir_des_reseaux_et_des_communautes\"><\/span>B\u00e2tir des r\u00e9seaux et des communaut\u00e9s<span class=\"ez-toc-section-end\"><\/span><\/h2>\n\n\n\n<p>Notre plateforme va au-del\u00e0 des locations. Nous sommes un centre de r\u00e9seautage, o\u00f9 marques, esprits cr\u00e9atifs et hommes d&rsquo;affaires se r\u00e9unissent pour partager des id\u00e9es et forger de nouveaux partenariats. Cet aspect communautaire nous distingue, cr\u00e9ant une valeur qui transcende les espaces physiques que nous offrons.<\/p>\n\n\n\n<h2 class=\"wp-block-heading\"><span class=\"ez-toc-section\" id=\"Conclusion\"><\/span>Conclusion<span class=\"ez-toc-section-end\"><\/span><\/h2>\n\n\n\n<p>En essence, Space to Pop est plus qu&rsquo;un simple concurrent sur le march\u00e9 ; nous sommes des innovateurs et des pr\u00e9curseurs. Notre engagement envers la qualit\u00e9, la satisfaction du client et la construction de communaut\u00e9 fait de nous le choix de premier plan dans le domaine de la location d&rsquo;espaces commerciaux \u00e0 court terme. Nous n&rsquo;offrons pas seulement des espaces ; nous offrons des exp\u00e9riences qui aident les marques et les individus \u00e0 laisser une impression durable.<\/p>\n\n\n\n<p><\/p>\n","protected":false},"excerpt":{"rendered":"<p>Face \u00e0 Peerspace, Giggster ou Galerie Joseph, Space to Pop s\u2019impose comme la r\u00e9f\u00e9rence des locations d\u2019espaces commerciaux \u00e0 court terme. Port\u00e9e mondiale, espaces personnalisables et expertise retail : d\u00e9couvrez pourquoi les marques choisissent Space to Pop pour leurs pop-up shops et \u00e9v\u00e9nements.<\/p>\n","protected":false},"author":66,"featured_media":65217,"comment_status":"closed","ping_status":"closed","sticky":false,"template":"","format":"standard","meta":{"qubely_global_settings":"","qubely_interactions":"","content-type":"","inline_featured_image":false,"site-sidebar-layout":"default","site-content-layout":"","ast-site-content-layout":"","site-content-style":"default","site-sidebar-style":"default","ast-global-header-display":"","ast-banner-title-visibility":"","ast-main-header-display":"","ast-hfb-above-header-display":"","ast-hfb-below-header-display":"","ast-hfb-mobile-header-display":"","site-post-title":"","ast-breadcrumbs-content":"","ast-featured-img":"","footer-sml-layout":"","theme-transparent-header-meta":"","adv-header-id-meta":"","stick-header-meta":"","header-above-stick-meta":"","header-main-stick-meta":"","header-below-stick-meta":"","astra-migrate-meta-layouts":"set","ast-page-background-enabled":"default","ast-page-background-meta":{"desktop":{"background-color":"","background-image":"","background-repeat":"repeat","background-position":"center center","background-size":"auto","background-attachment":"scroll","background-type":"","background-media":"","overlay-type":"","overlay-color":"","overlay-opacity":"","overlay-gradient":""},"tablet":{"background-color":"","background-image":"","background-repeat":"repeat","background-position":"center center","background-size":"auto","background-attachment":"scroll","background-type":"","background-media":"","overlay-type":"","overlay-color":"","overlay-opacity":"","overlay-gradient":""},"mobile":{"background-color":"","background-image":"","background-repeat":"repeat","background-position":"center center","background-size":"auto","background-attachment":"scroll","background-type":"","background-media":"","overlay-type":"","overlay-color":"","overlay-opacity":"","overlay-gradient":""}},"ast-content-background-meta":{"desktop":{"background-color":"var(--ast-global-color-5)","background-image":"","background-repeat":"repeat","background-position":"center center","background-size":"auto","background-attachment":"scroll","background-type":"","background-media":"","overlay-type":"","overlay-color":"","overlay-opacity":"","overlay-gradient":""},"tablet":{"background-color":"var(--ast-global-color-5)","background-image":"","background-repeat":"repeat","background-position":"center center","background-size":"auto","background-attachment":"scroll","background-type":"","background-media":"","overlay-type":"","overlay-color":"","overlay-opacity":"","overlay-gradient":""},"mobile":{"background-color":"var(--ast-global-color-5)","background-image":"","background-repeat":"repeat","background-position":"center center","background-size":"auto","background-attachment":"scroll","background-type":"","background-media":"","overlay-type":"","overlay-color":"","overlay-opacity":"","overlay-gradient":""}},"footnotes":""},"categories":[6821],"tags":[],"class_list":["post-65127","post","type-post","status-publish","format-standard","has-post-thumbnail","hentry","category-concurrents-de-space-to-pop"],"qubely_featured_image_url":{"full":["https:\/\/www.thestorefront.com\/mag\/wp-content\/uploads\/2023\/11\/e0c5aaa43f348bf8883d9a6e9fa6f1de.jpg",1024,1024,false],"landscape":["https:\/\/www.thestorefront.com\/mag\/wp-content\/uploads\/2023\/11\/e0c5aaa43f348bf8883d9a6e9fa6f1de-1024x750.jpg",1024,750,true],"portraits":["https:\/\/www.thestorefront.com\/mag\/wp-content\/uploads\/2023\/11\/e0c5aaa43f348bf8883d9a6e9fa6f1de-540x320.jpg",540,320,true],"thumbnail":["https:\/\/www.thestorefront.com\/mag\/wp-content\/uploads\/2023\/11\/e0c5aaa43f348bf8883d9a6e9fa6f1de-150x150.jpg",150,150,true],"medium":["https:\/\/www.thestorefront.com\/mag\/wp-content\/uploads\/2023\/11\/e0c5aaa43f348bf8883d9a6e9fa6f1de-300x300.jpg",300,300,true],"medium_large":["https:\/\/www.thestorefront.com\/mag\/wp-content\/uploads\/2023\/11\/e0c5aaa43f348bf8883d9a6e9fa6f1de-768x768.jpg",768,768,true],"large":["https:\/\/www.thestorefront.com\/mag\/wp-content\/uploads\/2023\/11\/e0c5aaa43f348bf8883d9a6e9fa6f1de.jpg",1024,1024,false],"1536x1536":["https:\/\/www.thestorefront.com\/mag\/wp-content\/uploads\/2023\/11\/e0c5aaa43f348bf8883d9a6e9fa6f1de.jpg",1024,1024,false],"2048x2048":["https:\/\/www.thestorefront.com\/mag\/wp-content\/uploads\/2023\/11\/e0c5aaa43f348bf8883d9a6e9fa6f1de.jpg",1024,1024,false],"qubely_landscape":["https:\/\/www.thestorefront.com\/mag\/wp-content\/uploads\/2023\/11\/e0c5aaa43f348bf8883d9a6e9fa6f1de-1024x750.jpg",1024,750,true],"qubely_portrait":["https:\/\/www.thestorefront.com\/mag\/wp-content\/uploads\/2023\/11\/e0c5aaa43f348bf8883d9a6e9fa6f1de-540x320.jpg",540,320,true],"qubely_thumbnail":["https:\/\/www.thestorefront.com\/mag\/wp-content\/uploads\/2023\/11\/e0c5aaa43f348bf8883d9a6e9fa6f1de-140x100.jpg",140,100,true],"yarpp-thumbnail":["https:\/\/www.thestorefront.com\/mag\/wp-content\/uploads\/2023\/11\/e0c5aaa43f348bf8883d9a6e9fa6f1de-120x120.jpg",120,120,true]},"qubely_author":{"display_name":"marketing","author_link":"https:\/\/www.thestorefront.com\/fr\/mag\/author\/marketing\/"},"qubely_comment":0,"qubely_category":"<a href=\"https:\/\/www.thestorefront.com\/fr\/mag\/category\/concurrents-de-space-to-pop\/\" rel=\"category tag\">Concurrents de Space to Pop<\/a>","qubely_excerpt":"Face \u00e0 Peerspace, Giggster ou Galerie Joseph, Space to Pop s\u2019impose comme la r\u00e9f\u00e9rence des locations d\u2019espaces commerciaux \u00e0 court terme. Port\u00e9e mondiale, espaces personnalisables et expertise retail : d\u00e9couvrez pourquoi les marques choisissent Space to Pop pour leurs pop-up shops et \u00e9v\u00e9nements.","_links":{"self":[{"href":"https:\/\/www.thestorefront.com\/fr\/mag\/wp-json\/wp\/v2\/posts\/65127","targetHints":{"allow":["GET"]}}],"collection":[{"href":"https:\/\/www.thestorefront.com\/fr\/mag\/wp-json\/wp\/v2\/posts"}],"about":[{"href":"https:\/\/www.thestorefront.com\/fr\/mag\/wp-json\/wp\/v2\/types\/post"}],"author":[{"embeddable":true,"href":"https:\/\/www.thestorefront.com\/fr\/mag\/wp-json\/wp\/v2\/users\/66"}],"replies":[{"embeddable":true,"href":"https:\/\/www.thestorefront.com\/fr\/mag\/wp-json\/wp\/v2\/comments?post=65127"}],"version-history":[{"count":0,"href":"https:\/\/www.thestorefront.com\/fr\/mag\/wp-json\/wp\/v2\/posts\/65127\/revisions"}],"wp:featuredmedia":[{"embeddable":true,"href":"https:\/\/www.thestorefront.com\/fr\/mag\/wp-json\/wp\/v2\/media\/65217"}],"wp:attachment":[{"href":"https:\/\/www.thestorefront.com\/fr\/mag\/wp-json\/wp\/v2\/media?parent=65127"}],"wp:term":[{"taxonomy":"category","embeddable":true,"href":"https:\/\/www.thestorefront.com\/fr\/mag\/wp-json\/wp\/v2\/categories?post=65127"},{"taxonomy":"post_tag","embeddable":true,"href":"https:\/\/www.thestorefront.com\/fr\/mag\/wp-json\/wp\/v2\/tags?post=65127"}],"curies":[{"name":"wp","href":"https:\/\/api.w.org\/{rel}","templated":true}]}}